{"id":31174,"date":"2026-09-03T09:58:18","date_gmt":"2026-09-03T07:58:18","guid":{"rendered":"https:\/\/helvident.ch\/?p=31174"},"modified":"2026-08-27T10:08:27","modified_gmt":"2026-08-27T08:08:27","slug":"bilan-bucco-dentaire-de-la-rentree-le-check-up-enfant","status":"publish","type":"post","link":"https:\/\/helvident.ch\/en\/bilan-bucco-dentaire-de-la-rentree-le-check-up-enfant\/","title":{"rendered":"Bilan bucco-dentaire de la rentr\u00e9e : pourquoi programmer le check-up de votre enfant ?"},"content":{"rendered":"<p class=\"wp-block-paragraph\">L&#8217;\u00e9t\u00e9 est une saison d&#8217;insouciance, mais aussi de petits rel\u00e2chements. Entre les glaces sur la plage, les jus de fruits, les horaires d\u00e9cal\u00e9s et les brossages de dents parfois saut\u00e9s lors des vacances, les bact\u00e9ries cariog\u00e8nes profitent de la pause estivale pour s&#8217;installer. Planifier un bilan bucco-dentaire de la rentr\u00e9e est le meilleur moyen d&#8217;offrir \u00e0 votre enfant un d\u00e9part serein pour la nouvelle ann\u00e9e scolaire.<\/p>\n\n\n\n<p class=\"wp-block-paragraph\">Chez HELVIDENT, nous accompagnons les familles pour faire de cette consultation de d\u00e9but d&#8217;ann\u00e9e un r\u00e9flexe de sant\u00e9 simple et motivant.<\/p>\n\n\n\n<h2 class=\"wp-block-heading\">\u00c9viter les urgences dentaires en plein trimestre<\/h2>\n\n\n\n<p class=\"wp-block-paragraph\">Il n&#8217;y a jamais de bon moment pour avoir mal aux dents, mais souffrir d&#8217;une carie profonde au beau milieu d&#8217;une semaine d&#8217;\u00e9valuations ou pendant un cours important est particuli\u00e8rement p\u00e9nalisant. Les douleurs dentaires chez l&#8217;enfant perturbent le sommeil, la concentration, l&#8217;humeur et l&#8217;alimentation.<\/p>\n\n\n\n<p class=\"wp-block-paragraph\">En consultant d\u00e8s le mois de septembre, vous prenez une longueur d&#8217;avance. Un examen pr\u00e9ventif permet d&#8217;intercepter les caries naissantes \u00e0 un stade o\u00f9 elles sont totalement indolores et tr\u00e8s faciles \u00e0 soigner. Vous \u00e9vitez ainsi que des l\u00e9sions invisibles \u00e0 l&#8217;\u0153il nu ne se transforment en rage de dents douloureuse au cours de l&#8217;automne, n\u00e9cessitant un <a href=\"https:\/\/helvident.ch\/en\/services\/dental-emergencies\/\">rendez-vous en urgence<\/a> et des absences scolaires manqu\u00e9es.<\/p>\n\n\n\n<p class=\"wp-block-paragraph\"><strong>\u00c0 LIRE : Caries et bo\u00eete \u00e0 go\u00fbter : comment composer un encas bon pour les dents ?<\/strong><\/p>\n\n\n\n<h2 class=\"wp-block-heading\">Que v\u00e9rifie le dentiste lors du contr\u00f4le de rentr\u00e9e ?<\/h2>\n\n\n\n<p class=\"wp-block-paragraph\">Le bilan bucco-dentaire de la rentr\u00e9e ne consiste pas simplement \u00e0 chercher des caries. C&#8217;est une consultation globale et p\u00e9dagogique, adapt\u00e9e \u00e0 la croissance rapide de l&#8217;enfant :<\/p>\n\n\n\n<ul class=\"wp-block-list\">\n<li><strong>L&#8217;\u00e9ruption des dents d\u00e9finitives :<\/strong> entre 6 et 7 ans, la premi\u00e8re molaire d\u00e9finitive (la \u00ab dent de 6 ans \u00bb) fait son apparition tout au fond de la bouche, souvent sans que les parents s&#8217;en aper\u00e7oivent. Tr\u00e8s vuln\u00e9rable aux caries en raison de son relief marqu\u00e9, elle demande une surveillance accrue.<\/li>\n\n\n\n<li><strong>Le scellement des sillons :<\/strong> si les molaires de votre enfant pr\u00e9sentent des creux tr\u00e8s profonds o\u00f9 la plaque dentaire s&#8217;accumule facilement, le praticien peut proposer d&#8217;appliquer une fine r\u00e9sine protectrice. Ce soin rapide, indolore et non invasif r\u00e9duit le risque de carie sur ces dents de plus de 80 %.<\/li>\n\n\n\n<li><strong>Le d\u00e9pistage orthodontique pr\u00e9coce :<\/strong> vers 7 ou 8 ans, le m\u00e9decin-dentiste \u00e9value l&#8217;alignement des m\u00e2choires et la place disponible pour les futures dents. D\u00e9tecter un probl\u00e8me d&#8217;occlusion ou une mauvaise position de la langue \u00e0 cet \u00e2ge permet d&#8217;envisager des corrections simples avant que les d\u00e9calages ne s&#8217;aggravent.<\/li>\n\n\n\n<li><strong>L&#8217;\u00e9valuation du risque individuel :<\/strong> selon la qualit\u00e9 de l&#8217;\u00e9mail, la salive et l&#8217;historique dentaire de l&#8217;enfant, le praticien adapte le rythme des contr\u00f4les. Il peut proposer une application locale de vernis fluor\u00e9 pour renforcer les dents.<\/li>\n<\/ul>\n\n\n\n<h2 class=\"wp-block-heading\">R\u00e9initialiser la routine de brossage apr\u00e8s l&#8217;\u00e9t\u00e9<\/h2>\n\n\n\n<p class=\"wp-block-paragraph\">Les vacances sont propices \u00e0 un certain laisser-aller, et c&#8217;est bien naturel ! Cependant, septembre est le moment id\u00e9al pour r\u00e9installer des rituels solides et durables \u00e0 la maison. Le bilan bucco-dentaire de la rentr\u00e9e offre une excellente opportunit\u00e9 d&#8217;associer le praticien \u00e0 cette p\u00e9dagogie. Les enfants pr\u00eatent souvent une attention toute particuli\u00e8re aux conseils donn\u00e9s par un professionnel bienveillant.<\/p>\n\n\n\n<h3 class=\"wp-block-heading\"><strong>Routine d&#8217;\u00e9t\u00e9 vs Routine de rentr\u00e9e bucco-dentaire<\/strong><\/h3>\n\n\n\n<figure class=\"wp-block-table\"><table class=\"has-fixed-layout\"><thead><tr><td><strong>P\u00e9riode d&#8217;\u00e9t\u00e9<\/strong><\/td><td><strong>Objectif de la rentr\u00e9e<\/strong><\/td><\/tr><\/thead><tbody><tr><td>Grignotages fr\u00e9quents et boissons sucr\u00e9es<\/td><td>Repas structur\u00e9s et eau comme boisson principale<\/td><\/tr><tr><td>Brossage unique ou \u00e9court\u00e9 le soir<\/td><td>2 brossages minutieux de 2 minutes par jour<\/td><\/tr><tr><td>Brosse \u00e0 dents us\u00e9e par les voyages<\/td><td>Remplacement de la brosse \u00e0 dents (ou t\u00eate \u00e9lectrique)<\/td><\/tr><tr><td>Dentifrice choisi au hasard<\/td><td>Dentifrice fluor\u00e9 dos\u00e9 selon l&#8217;\u00e2ge de l&#8217;enfant<\/td><\/tr><\/tbody><\/table><\/figure>\n\n\n\n<p class=\"wp-block-paragraph\"><strong>\u00c0 LIRE : Sac \u00e0 dos, bagues et prot\u00e8ge-dents : le guide bucco-dentaire des ados \u00e0 la rentr\u00e9e<\/strong><\/p>\n\n\n\n<h2 class=\"wp-block-heading\">L&#8217;accompagnement bienveillant chez HELVIDENT<\/h2>\n\n\n\n<p class=\"wp-block-paragraph\">HELVIDENT dispose de 3 cliniques dentaires \u00e0 Lausanne, Fribourg et Aigle. Nous accueillons vos enfants dans un environnement chaleureux, sp\u00e9cialement pens\u00e9 pour d\u00e9samorcer l&#8217;anxi\u00e9t\u00e9. Notre objectif est de faire du bilan bucco-dentaire de la rentr\u00e9e un moment positif.<\/p>\n\n\n\n<p class=\"wp-block-paragraph\">Nos hygi\u00e9nistes et m\u00e9decins-dentistes prennent le temps d&#8217;expliquer les gestes de brossage de mani\u00e8re ludique. Nous utilisons parfois des r\u00e9v\u00e9lateurs de plaque (un colorant inoffensif qui colore les zones mal bross\u00e9es). Cela transforme ainsi l&#8217;apprentissage de l&#8217;hygi\u00e8ne en un jeu visuel captivant. L&#8217;enfant comprend imm\u00e9diatement o\u00f9 insister avec sa brosse sans jamais se sentir culpabilis\u00e9.<\/p>\n\n\n\n<h2 class=\"wp-block-heading\">Un sourire sain pour une ann\u00e9e r\u00e9ussie<\/h2>\n\n\n\n<p class=\"wp-block-paragraph\">Offrir \u00e0 votre enfant un contr\u00f4le dentaire au d\u00e9but de l&#8217;ann\u00e9e scolaire, c&#8217;est lui donner toutes les chances de vivre un trimestre \u00e9panoui, sans douleur et concentr\u00e9 sur ses apprentissages. C&#8217;est aussi l&#8217;occasion de renouveler son mat\u00e9riel de brossage et de repartir sur de bonnes bases familiales.<\/p>\n\n\n\n<p class=\"wp-block-paragraph\">Prenez les devants avant que les agendas de l&#8217;automne ne se remplissent ! Nos \u00e9quipes HELVIDENT se tiennent pr\u00eates \u00e0 accueillir toute la famille pour aborder cette nouvelle ann\u00e9e avec le sourire.<\/p>\n\n\n\n<p class=\"wp-block-paragraph\"><strong>Anticipez la rentr\u00e9e en toute s\u00e9r\u00e9nit\u00e9.<\/strong> <\/p>\n\n\n\n<p class=\"wp-block-paragraph\"><a href=\"https:\/\/helvident.ch\/en\/contact\/\" data-type=\"page\" data-id=\"28958\">Prenez rendez-vous<\/a> d\u00e8s aujourd&#8217;hui pour le bilan bucco-dentaire de votre enfant.<\/p>","protected":false},"excerpt":{"rendered":"<p>L&#8217;\u00e9t\u00e9 est une saison d&#8217;insouciance, mais aussi de petits rel\u00e2chements. Entre les glaces sur la plage, les jus de fruits, les horaires d\u00e9cal\u00e9s et les brossages de dents parfois saut\u00e9s lors des vacances, les bact\u00e9ries cariog\u00e8nes profitent de la pause estivale pour s&#8217;installer. Planifier un bilan bucco-dentaire de la rentr\u00e9e est le meilleur moyen d&#8217;offrir [&#8230;]\n","protected":false},"author":3,"featured_media":31175,"comment_status":"closed","ping_status":"closed","sticky":false,"template":"","format":"standard","meta":{"_acf_changed":false,"footnotes":""},"categories":[1],"tags":[101,30,316,32],"class_list":["post-31174","post","type-post","status-publish","format-standard","has-post-thumbnail","hentry","category-soins-dentaires","tag-enfant","tag-hygiene-dentaire","tag-rentree-scolaire","tag-soins-dentaires"],"acf":[],"yoast_head":"<!-- This site is optimized with the Yoast SEO plugin v28.3 - https:\/\/yoast.com\/product\/yoast-seo-wordpress\/ -->\n<title>Bilan bucco-dentaire de la rentr\u00e9e : le check-up enfant<\/title>\n<meta name=\"description\" content=\"Pr\u00e9parez l&#039;ann\u00e9e scolaire de votre enfant avec un bilan bucco-dentaire de la rentr\u00e9e chez HELVIDENT. Adoptez de bonnes habitudes.\" \/>\n<meta name=\"robots\" content=\"index, follow, max-snippet:-1, max-image-preview:large, max-video-preview:-1\" \/>\n<link rel=\"canonical\" href=\"https:\/\/helvident.ch\/en\/bilan-bucco-dentaire-de-la-rentree-le-check-up-enfant\/\" \/>\n<meta property=\"og:locale\" content=\"en_US\" \/>\n<meta property=\"og:type\" content=\"article\" \/>\n<meta property=\"og:title\" content=\"Bilan bucco-dentaire de la rentr\u00e9e : le check-up enfant\" \/>\n<meta property=\"og:description\" content=\"Pr\u00e9parez l&#039;ann\u00e9e scolaire de votre enfant avec un bilan bucco-dentaire de la rentr\u00e9e chez HELVIDENT. Adoptez de bonnes habitudes.\" \/>\n<meta property=\"og:url\" content=\"https:\/\/helvident.ch\/en\/bilan-bucco-dentaire-de-la-rentree-le-check-up-enfant\/\" \/>\n<meta property=\"og:site_name\" content=\"Helvident\" \/>\n<meta property=\"article:publisher\" content=\"https:\/\/www.facebook.com\/Helvident-Centre-Dentaire-Fribourg-SA-408825345872856\/\" \/>\n<meta property=\"article:published_time\" content=\"2026-09-03T07:58:18+00:00\" \/>\n<meta property=\"og:image\" content=\"https:\/\/helvident.ch\/wp-content\/uploads\/2026\/08\/Bilan-bucco-dentaire-de-la-rentree-scaled.jpg\" \/>\n\t<meta property=\"og:image:width\" content=\"2048\" \/>\n\t<meta property=\"og:image:height\" content=\"1363\" \/>\n\t<meta property=\"og:image:type\" content=\"image\/jpeg\" \/>\n<meta name=\"author\" content=\"redaction\" \/>\n<meta name=\"twitter:card\" content=\"summary_large_image\" \/>\n<meta name=\"twitter:label1\" content=\"Written by\" \/>\n\t<meta name=\"twitter:data1\" content=\"redaction\" \/>\n\t<meta name=\"twitter:label2\" content=\"Est. reading time\" \/>\n\t<meta name=\"twitter:data2\" content=\"4 minutes\" \/>\n<script type=\"application\/ld+json\" class=\"yoast-schema-graph\">{\"@context\":\"https:\\\/\\\/schema.org\",\"@graph\":[{\"@type\":\"Article\",\"@id\":\"https:\\\/\\\/helvident.ch\\\/bilan-bucco-dentaire-de-la-rentree-le-check-up-enfant\\\/#article\",\"isPartOf\":{\"@id\":\"https:\\\/\\\/helvident.ch\\\/bilan-bucco-dentaire-de-la-rentree-le-check-up-enfant\\\/\"},\"author\":{\"name\":\"redaction\",\"@id\":\"https:\\\/\\\/helvident.ch\\\/#\\\/schema\\\/person\\\/e3896fe50405fe980b70e0b6f35b29f1\"},\"headline\":\"Bilan bucco-dentaire de la rentr\u00e9e : pourquoi programmer le check-up de votre enfant ?\",\"datePublished\":\"2026-09-03T07:58:18+00:00\",\"mainEntityOfPage\":{\"@id\":\"https:\\\/\\\/helvident.ch\\\/bilan-bucco-dentaire-de-la-rentree-le-check-up-enfant\\\/\"},\"wordCount\":905,\"publisher\":{\"@id\":\"https:\\\/\\\/helvident.ch\\\/#organization\"},\"image\":{\"@id\":\"https:\\\/\\\/helvident.ch\\\/bilan-bucco-dentaire-de-la-rentree-le-check-up-enfant\\\/#primaryimage\"},\"thumbnailUrl\":\"https:\\\/\\\/helvident.ch\\\/wp-content\\\/uploads\\\/2026\\\/08\\\/Bilan-bucco-dentaire-de-la-rentree-scaled.jpg\",\"keywords\":[\"enfant\",\"hygi\u00e8ne dentaire\",\"rentr\u00e9e scolaire\",\"soins dentaires\"],\"articleSection\":[\"Soins Dentaires\"],\"inLanguage\":\"en-US\"},{\"@type\":\"WebPage\",\"@id\":\"https:\\\/\\\/helvident.ch\\\/bilan-bucco-dentaire-de-la-rentree-le-check-up-enfant\\\/\",\"url\":\"https:\\\/\\\/helvident.ch\\\/bilan-bucco-dentaire-de-la-rentree-le-check-up-enfant\\\/\",\"name\":\"Bilan bucco-dentaire de la rentr\u00e9e : le check-up enfant\",\"isPartOf\":{\"@id\":\"https:\\\/\\\/helvident.ch\\\/#website\"},\"primaryImageOfPage\":{\"@id\":\"https:\\\/\\\/helvident.ch\\\/bilan-bucco-dentaire-de-la-rentree-le-check-up-enfant\\\/#primaryimage\"},\"image\":{\"@id\":\"https:\\\/\\\/helvident.ch\\\/bilan-bucco-dentaire-de-la-rentree-le-check-up-enfant\\\/#primaryimage\"},\"thumbnailUrl\":\"https:\\\/\\\/helvident.ch\\\/wp-content\\\/uploads\\\/2026\\\/08\\\/Bilan-bucco-dentaire-de-la-rentree-scaled.jpg\",\"datePublished\":\"2026-09-03T07:58:18+00:00\",\"description\":\"Pr\u00e9parez l'ann\u00e9e scolaire de votre enfant avec un bilan bucco-dentaire de la rentr\u00e9e chez HELVIDENT. Adoptez de bonnes habitudes.\",\"breadcrumb\":{\"@id\":\"https:\\\/\\\/helvident.ch\\\/bilan-bucco-dentaire-de-la-rentree-le-check-up-enfant\\\/#breadcrumb\"},\"inLanguage\":\"en-US\",\"potentialAction\":[{\"@type\":\"ReadAction\",\"target\":[\"https:\\\/\\\/helvident.ch\\\/bilan-bucco-dentaire-de-la-rentree-le-check-up-enfant\\\/\"]}]},{\"@type\":\"ImageObject\",\"inLanguage\":\"en-US\",\"@id\":\"https:\\\/\\\/helvident.ch\\\/bilan-bucco-dentaire-de-la-rentree-le-check-up-enfant\\\/#primaryimage\",\"url\":\"https:\\\/\\\/helvident.ch\\\/wp-content\\\/uploads\\\/2026\\\/08\\\/Bilan-bucco-dentaire-de-la-rentree-scaled.jpg\",\"contentUrl\":\"https:\\\/\\\/helvident.ch\\\/wp-content\\\/uploads\\\/2026\\\/08\\\/Bilan-bucco-dentaire-de-la-rentree-scaled.jpg\",\"width\":2048,\"height\":1363,\"caption\":\"Bilan bucco-dentaire de la rentr\u00e9e\"},{\"@type\":\"BreadcrumbList\",\"@id\":\"https:\\\/\\\/helvident.ch\\\/bilan-bucco-dentaire-de-la-rentree-le-check-up-enfant\\\/#breadcrumb\",\"itemListElement\":[{\"@type\":\"ListItem\",\"position\":1,\"name\":\"Home\",\"item\":\"https:\\\/\\\/helvident.ch\\\/\"},{\"@type\":\"ListItem\",\"position\":2,\"name\":\"Bilan bucco-dentaire de la rentr\u00e9e : pourquoi programmer le check-up de votre enfant ?\"}]},{\"@type\":\"WebSite\",\"@id\":\"https:\\\/\\\/helvident.ch\\\/#website\",\"url\":\"https:\\\/\\\/helvident.ch\\\/\",\"name\":\"Helvident\",\"description\":\"Cliniques Dentaires Lausanne - Aigle - Friboug\",\"publisher\":{\"@id\":\"https:\\\/\\\/helvident.ch\\\/#organization\"},\"potentialAction\":[{\"@type\":\"SearchAction\",\"target\":{\"@type\":\"EntryPoint\",\"urlTemplate\":\"https:\\\/\\\/helvident.ch\\\/?s={search_term_string}\"},\"query-input\":{\"@type\":\"PropertyValueSpecification\",\"valueRequired\":true,\"valueName\":\"search_term_string\"}}],\"inLanguage\":\"en-US\"},{\"@type\":\"Organization\",\"@id\":\"https:\\\/\\\/helvident.ch\\\/#organization\",\"name\":\"Helvident - Cliniques Dentaires\",\"url\":\"https:\\\/\\\/helvident.ch\\\/\",\"logo\":{\"@type\":\"ImageObject\",\"inLanguage\":\"en-US\",\"@id\":\"https:\\\/\\\/helvident.ch\\\/#\\\/schema\\\/logo\\\/image\\\/\",\"url\":\"https:\\\/\\\/helvident.ch\\\/wp-content\\\/uploads\\\/2019\\\/06\\\/logo@2x.png\",\"contentUrl\":\"https:\\\/\\\/helvident.ch\\\/wp-content\\\/uploads\\\/2019\\\/06\\\/logo@2x.png\",\"width\":502,\"height\":120,\"caption\":\"Helvident - Cliniques Dentaires\"},\"image\":{\"@id\":\"https:\\\/\\\/helvident.ch\\\/#\\\/schema\\\/logo\\\/image\\\/\"},\"sameAs\":[\"https:\\\/\\\/www.facebook.com\\\/Helvident-Centre-Dentaire-Fribourg-SA-408825345872856\\\/\"]},{\"@type\":\"Person\",\"@id\":\"https:\\\/\\\/helvident.ch\\\/#\\\/schema\\\/person\\\/e3896fe50405fe980b70e0b6f35b29f1\",\"name\":\"redaction\"}]}<\/script>\n<!-- \/ Yoast SEO plugin. -->","yoast_head_json":{"title":"Bilan bucco-dentaire de la rentr\u00e9e : le check-up enfant","description":"Pr\u00e9parez l'ann\u00e9e scolaire de votre enfant avec un bilan bucco-dentaire de la rentr\u00e9e chez HELVIDENT. Adoptez de bonnes habitudes.","robots":{"index":"index","follow":"follow","max-snippet":"max-snippet:-1","max-image-preview":"max-image-preview:large","max-video-preview":"max-video-preview:-1"},"canonical":"https:\/\/helvident.ch\/en\/bilan-bucco-dentaire-de-la-rentree-le-check-up-enfant\/","og_locale":"en_US","og_type":"article","og_title":"Bilan bucco-dentaire de la rentr\u00e9e : le check-up enfant","og_description":"Pr\u00e9parez l'ann\u00e9e scolaire de votre enfant avec un bilan bucco-dentaire de la rentr\u00e9e chez HELVIDENT. Adoptez de bonnes habitudes.","og_url":"https:\/\/helvident.ch\/en\/bilan-bucco-dentaire-de-la-rentree-le-check-up-enfant\/","og_site_name":"Helvident","article_publisher":"https:\/\/www.facebook.com\/Helvident-Centre-Dentaire-Fribourg-SA-408825345872856\/","article_published_time":"2026-09-03T07:58:18+00:00","og_image":[{"width":2048,"height":1363,"url":"https:\/\/helvident.ch\/wp-content\/uploads\/2026\/08\/Bilan-bucco-dentaire-de-la-rentree-scaled.jpg","type":"image\/jpeg"}],"author":"redaction","twitter_card":"summary_large_image","twitter_misc":{"Written by":"redaction","Est. reading time":"4 minutes"},"schema":{"@context":"https:\/\/schema.org","@graph":[{"@type":"Article","@id":"https:\/\/helvident.ch\/bilan-bucco-dentaire-de-la-rentree-le-check-up-enfant\/#article","isPartOf":{"@id":"https:\/\/helvident.ch\/bilan-bucco-dentaire-de-la-rentree-le-check-up-enfant\/"},"author":{"name":"redaction","@id":"https:\/\/helvident.ch\/#\/schema\/person\/e3896fe50405fe980b70e0b6f35b29f1"},"headline":"Bilan bucco-dentaire de la rentr\u00e9e : pourquoi programmer le check-up de votre enfant ?","datePublished":"2026-09-03T07:58:18+00:00","mainEntityOfPage":{"@id":"https:\/\/helvident.ch\/bilan-bucco-dentaire-de-la-rentree-le-check-up-enfant\/"},"wordCount":905,"publisher":{"@id":"https:\/\/helvident.ch\/#organization"},"image":{"@id":"https:\/\/helvident.ch\/bilan-bucco-dentaire-de-la-rentree-le-check-up-enfant\/#primaryimage"},"thumbnailUrl":"https:\/\/helvident.ch\/wp-content\/uploads\/2026\/08\/Bilan-bucco-dentaire-de-la-rentree-scaled.jpg","keywords":["enfant","hygi\u00e8ne dentaire","rentr\u00e9e scolaire","soins dentaires"],"articleSection":["Soins Dentaires"],"inLanguage":"en-US"},{"@type":"WebPage","@id":"https:\/\/helvident.ch\/bilan-bucco-dentaire-de-la-rentree-le-check-up-enfant\/","url":"https:\/\/helvident.ch\/bilan-bucco-dentaire-de-la-rentree-le-check-up-enfant\/","name":"Bilan bucco-dentaire de la rentr\u00e9e : le check-up enfant","isPartOf":{"@id":"https:\/\/helvident.ch\/#website"},"primaryImageOfPage":{"@id":"https:\/\/helvident.ch\/bilan-bucco-dentaire-de-la-rentree-le-check-up-enfant\/#primaryimage"},"image":{"@id":"https:\/\/helvident.ch\/bilan-bucco-dentaire-de-la-rentree-le-check-up-enfant\/#primaryimage"},"thumbnailUrl":"https:\/\/helvident.ch\/wp-content\/uploads\/2026\/08\/Bilan-bucco-dentaire-de-la-rentree-scaled.jpg","datePublished":"2026-09-03T07:58:18+00:00","description":"Pr\u00e9parez l'ann\u00e9e scolaire de votre enfant avec un bilan bucco-dentaire de la rentr\u00e9e chez HELVIDENT. Adoptez de bonnes habitudes.","breadcrumb":{"@id":"https:\/\/helvident.ch\/bilan-bucco-dentaire-de-la-rentree-le-check-up-enfant\/#breadcrumb"},"inLanguage":"en-US","potentialAction":[{"@type":"ReadAction","target":["https:\/\/helvident.ch\/bilan-bucco-dentaire-de-la-rentree-le-check-up-enfant\/"]}]},{"@type":"ImageObject","inLanguage":"en-US","@id":"https:\/\/helvident.ch\/bilan-bucco-dentaire-de-la-rentree-le-check-up-enfant\/#primaryimage","url":"https:\/\/helvident.ch\/wp-content\/uploads\/2026\/08\/Bilan-bucco-dentaire-de-la-rentree-scaled.jpg","contentUrl":"https:\/\/helvident.ch\/wp-content\/uploads\/2026\/08\/Bilan-bucco-dentaire-de-la-rentree-scaled.jpg","width":2048,"height":1363,"caption":"Bilan bucco-dentaire de la rentr\u00e9e"},{"@type":"BreadcrumbList","@id":"https:\/\/helvident.ch\/bilan-bucco-dentaire-de-la-rentree-le-check-up-enfant\/#breadcrumb","itemListElement":[{"@type":"ListItem","position":1,"name":"Home","item":"https:\/\/helvident.ch\/"},{"@type":"ListItem","position":2,"name":"Bilan bucco-dentaire de la rentr\u00e9e : pourquoi programmer le check-up de votre enfant ?"}]},{"@type":"WebSite","@id":"https:\/\/helvident.ch\/#website","url":"https:\/\/helvident.ch\/","name":"Helvident","description":"Cliniques Dentaires Lausanne - Aigle - Friboug","publisher":{"@id":"https:\/\/helvident.ch\/#organization"},"potentialAction":[{"@type":"SearchAction","target":{"@type":"EntryPoint","urlTemplate":"https:\/\/helvident.ch\/?s={search_term_string}"},"query-input":{"@type":"PropertyValueSpecification","valueRequired":true,"valueName":"search_term_string"}}],"inLanguage":"en-US"},{"@type":"Organization","@id":"https:\/\/helvident.ch\/#organization","name":"Helvident - Dental Clinics","url":"https:\/\/helvident.ch\/","logo":{"@type":"ImageObject","inLanguage":"en-US","@id":"https:\/\/helvident.ch\/#\/schema\/logo\/image\/","url":"https:\/\/helvident.ch\/wp-content\/uploads\/2019\/06\/logo@2x.png","contentUrl":"https:\/\/helvident.ch\/wp-content\/uploads\/2019\/06\/logo@2x.png","width":502,"height":120,"caption":"Helvident - Cliniques Dentaires"},"image":{"@id":"https:\/\/helvident.ch\/#\/schema\/logo\/image\/"},"sameAs":["https:\/\/www.facebook.com\/Helvident-Centre-Dentaire-Fribourg-SA-408825345872856\/"]},{"@type":"Person","@id":"https:\/\/helvident.ch\/#\/schema\/person\/e3896fe50405fe980b70e0b6f35b29f1","name":"redaction"}]}},"_links":{"self":[{"href":"https:\/\/helvident.ch\/en\/wp-json\/wp\/v2\/posts\/31174","targetHints":{"allow":["GET"]}}],"collection":[{"href":"https:\/\/helvident.ch\/en\/wp-json\/wp\/v2\/posts"}],"about":[{"href":"https:\/\/helvident.ch\/en\/wp-json\/wp\/v2\/types\/post"}],"author":[{"embeddable":true,"href":"https:\/\/helvident.ch\/en\/wp-json\/wp\/v2\/users\/3"}],"replies":[{"embeddable":true,"href":"https:\/\/helvident.ch\/en\/wp-json\/wp\/v2\/comments?post=31174"}],"version-history":[{"count":2,"href":"https:\/\/helvident.ch\/en\/wp-json\/wp\/v2\/posts\/31174\/revisions"}],"predecessor-version":[{"id":31177,"href":"https:\/\/helvident.ch\/en\/wp-json\/wp\/v2\/posts\/31174\/revisions\/31177"}],"wp:featuredmedia":[{"embeddable":true,"href":"https:\/\/helvident.ch\/en\/wp-json\/wp\/v2\/media\/31175"}],"wp:attachment":[{"href":"https:\/\/helvident.ch\/en\/wp-json\/wp\/v2\/media?parent=31174"}],"wp:term":[{"taxonomy":"category","embeddable":true,"href":"https:\/\/helvident.ch\/en\/wp-json\/wp\/v2\/categories?post=31174"},{"taxonomy":"post_tag","embeddable":true,"href":"https:\/\/helvident.ch\/en\/wp-json\/wp\/v2\/tags?post=31174"}],"curies":[{"name":"wp","href":"https:\/\/api.w.org\/{rel}","templated":true}]}}