{"id":30450,"date":"2022-04-03T14:21:00","date_gmt":"2022-04-03T12:21:00","guid":{"rendered":"https:\/\/helvident.ch\/?p=30450"},"modified":"2022-08-18T17:17:57","modified_gmt":"2022-08-18T15:17:57","slug":"oral-microbiota-and-general-health","status":"publish","type":"post","link":"https:\/\/helvident.ch\/en\/oral-microbiota-and-general-health\/","title":{"rendered":"Oral microbiota and impact on general health"},"content":{"rendered":"<p>Formerly known as the \"oral flora\", the oral microbiota refers to all the micro-organisms present in the oral cavity. In a healthy state, with good dental hygiene, the composition of the microbiota remains stable with its environment and the host. However, this balance is fragile and can have more or less serious consequences for the human body as a whole. What types of bacteria do we harbor in our mouths? What is the link between oral microbiota and health? <\/p>\n\n\n\n<h2 class=\"wp-block-heading\">Oral microbiota: definition<\/h2>\n\n\n\n<p>Microbes are naturally present in the human body. The populations living in our intestines are referred to as intestinal microbiota, while those living in our mouths are referred to as oral microbiota. These micro-organisms, invisible to the naked eye, are made up of several hundred species of bacteria. They also include viruses, fungi, protozoa and archaea. <\/p>\n\n\n\n<p>Some of these micro-organisms are common to the body's different microbiota. These include the fungus&nbsp;<em>candida albicans<\/em>These are found in the oral, intestinal and vaginal microbiota. Others are specific to the mouth, such as aerobic bacteria (which arrive through the air we breathe).<\/p>\n\n\n\n<p>One milligram of <a href=\"https:\/\/helvident.ch\/en\/dental-scaling-how-the-consultation-takes-place\/\" target=\"_blank\" rel=\"noreferrer noopener\">dental plaque<\/a>There are an estimated one billion micro-organisms. That's a whole world in our mouths! In their normal state, these microbes live in harmony with their host, our body. In this case, there's eubiosis. On the other hand, when there's an imbalance, the patient has dysbiosis.<\/p>\n\n\n\n<h2 class=\"wp-block-heading\">The impact of oral dysbiosis on oral health<\/h2>\n\n\n\n<p>When the microbiota is in equilibrium (eubiosis), commensal bacteria colonize all surfaces of the mouth. As a result, there is little room for pathogens to attach themselves. If this balance is upset (dysbiosis), opportunistic bacteria proliferate, with an increased risk of causing local infections. At the oral level, an imbalance in the microbiota can lead to a number of problems: <\/p>\n\n\n\n<ul class=\"wp-block-list\"><li>dental caries;<\/li><li>a <a href=\"https:\/\/helvident.ch\/en\/treating-gingivitis\/\" target=\"_blank\" rel=\"noreferrer noopener\">gingivitis<\/a> reversible (gum infection); <\/li><li>periodontitis (infection of the tissues supporting the teeth), which can lead to tooth loosening.<\/li><\/ul>\n\n\n\n<h2 class=\"wp-block-heading\">The influence of oral bacteria on general health<\/h2>\n\n\n\n<p>Many researchers are now investigating the links between the populations of bacteria we harbor in our bodies and our state of health. Indeed, not all microbes have the same influence on our health. Dentists differentiate between commensal oral flora, which play a beneficial role, and opportunistic flora, which can prove pathogenic.<\/p>\n\n\n\n<p>Recent scientific studies have highlighted an association between periodontal disease and general pathologies. Indeed, oral bacteria can pass into the bloodstream, colonizing the whole body and affecting numerous organs: intestine, lungs, heart, pancreas, etc. Periodontal disease has a high bacterial load, which is associated with immune system failure. There is a direct link between periodontal disease and diabetes, rheumatoid arthritis and esophageal cancer. In the brain, Alzheimer's disease may also be linked to certain oral microbes. Many diseases actually begin in the mouth.<\/p>\n\n\n\n<h2 class=\"wp-block-heading\">Factors leading to imbalance in the oral microbiota<\/h2>\n\n\n\n<p>The balance of the microbiota remains fragile, however, and is influenced by a number of factors:<\/p>\n\n\n\n<ul class=\"wp-block-list\"><li>poor oral hygiene;<\/li><li>poor diet; <\/li><li>snacking;<\/li><li>excess sugar or acid ;<\/li><li><span style=\"color: initial\">antibiotic therapy;<\/span><\/li><li>the <a href=\"https:\/\/helvident.ch\/en\/effects-of-smoking-on-oral-hygiene\/\" target=\"_blank\" rel=\"noreferrer noopener\">smoking<\/a> ;<\/li><li><span style=\"color: initial\">stress. <\/span><\/li><\/ul>\n\n\n\n<p>The consumption of sugar outside mealtimes is a good illustration of this process. With each nibble, microbes in the mouth feed on the sugars to produce acids. These acids then attack tooth enamel, leading to cavities.<\/p>\n\n\n\n<h2 class=\"wp-block-heading\">How to maintain a balanced oral microbiota?<\/h2>\n\n\n\n<p>You've already understood that it's essential to take care of our oral microbiota. In fact, it prevents the arrival of bacteria that are much more dangerous to us and stimulates our immune system.&nbsp;<\/p>\n\n\n\n<p>Adopt <a href=\"https:\/\/helvident.ch\/en\/oral-hygiene-10-steps-to-take\/\" target=\"_blank\" rel=\"noreferrer noopener\">gestures for impeccable oral hygiene<\/a> brushing at least twice a day with fluoride toothpaste and using interdental cleaning aids.<\/p>\n\n\n\n<p>Reduce your intake of sugar as much as possible, as it is your oral cavity's worst enemy. It feeds bad bacteria, especially&nbsp;<em>streptococcus mutans<\/em>responsible for cavities and gingivitis. <\/p>\n\n\n\n<p>Avoid daily use of antiseptic mouthwashes. These overly aggressive products encourage the disappearance of good bacteria and the reappearance of opportunistic bacteria. What's more, they contain alcohol, which is a factor in microbiota imbalance. <\/p>\n\n\n\n<p>Visit your dentist at least once a year for a check-up and scaling. Helvident welcomes you to our dental clinics in Lausanne, Fribourg and Aigle. <a href=\"https:\/\/helvident.ch\/en\/contact\/\" target=\"_blank\" rel=\"noreferrer noopener\">Contact us<\/a> to schedule your next appointment. <\/p>","protected":false},"excerpt":{"rendered":"<p>Autrefois appel\u00e9 \u00ab flore buccale \u00bb, le microbiote buccal d\u00e9signe l&#8217;ensemble des micro-organismes pr\u00e9sents dans la cavit\u00e9 buccale.\u00a0\u00c0 l&#8217;\u00e9tat sain, avec une bonne hygi\u00e8ne dentaire, la composition du microbiote reste stable avec son environnement et l&#8217;h\u00f4te. Cependant, cet \u00e9quilibre est fragile et peut avoir des cons\u00e9quences plus ou moins graves sur l&#8217;ensemble du corps humain. [&#8230;]\n","protected":false},"author":3,"featured_media":29332,"comment_status":"closed","ping_status":"closed","sticky":false,"template":"","format":"standard","meta":{"_acf_changed":false,"footnotes":""},"categories":[1],"tags":[183,143,182,45],"class_list":["post-30450","post","type-post","status-publish","format-standard","has-post-thumbnail","hentry","category-soins-dentaires","tag-bacteries","tag-hygiene-bucco-dentaire","tag-microbiote-buccal","tag-sante-bucco-dentaire"],"acf":[],"yoast_head":"<!-- This site is optimized with the Yoast SEO plugin v27.3 - https:\/\/yoast.com\/product\/yoast-seo-wordpress\/ -->\n<title>Microbiote buccal et impact sur la sant\u00e9 g\u00e9n\u00e9rale - Helvident<\/title>\n<meta name=\"description\" content=\"Le microbiote buccal d\u00e9signe les micro-organismes pr\u00e9sents dans la cavit\u00e9 buccale.\u00a0Quel est le lien entre le microbiote buccal et la sant\u00e9 ?\" \/>\n<meta name=\"robots\" content=\"index, follow, max-snippet:-1, max-image-preview:large, max-video-preview:-1\" \/>\n<link rel=\"canonical\" href=\"https:\/\/helvident.ch\/en\/oral-microbiota-and-general-health\/\" \/>\n<meta property=\"og:locale\" content=\"en_US\" \/>\n<meta property=\"og:type\" content=\"article\" \/>\n<meta property=\"og:title\" content=\"Microbiote buccal et impact sur la sant\u00e9 g\u00e9n\u00e9rale - Helvident\" \/>\n<meta property=\"og:description\" content=\"Le microbiote buccal d\u00e9signe les micro-organismes pr\u00e9sents dans la cavit\u00e9 buccale.\u00a0Quel est le lien entre le microbiote buccal et la sant\u00e9 ?\" \/>\n<meta property=\"og:url\" content=\"https:\/\/helvident.ch\/en\/oral-microbiota-and-general-health\/\" \/>\n<meta property=\"og:site_name\" content=\"Helvident\" \/>\n<meta property=\"article:publisher\" content=\"https:\/\/www.facebook.com\/Helvident-Centre-Dentaire-Fribourg-SA-408825345872856\/\" \/>\n<meta property=\"article:published_time\" content=\"2022-04-03T12:21:00+00:00\" \/>\n<meta property=\"article:modified_time\" content=\"2022-08-18T15:17:57+00:00\" \/>\n<meta property=\"og:image\" content=\"https:\/\/helvident.ch\/wp-content\/uploads\/2019\/07\/Endodontie-2.jpg\" \/>\n\t<meta property=\"og:image:width\" content=\"1024\" \/>\n\t<meta property=\"og:image:height\" content=\"683\" \/>\n\t<meta property=\"og:image:type\" content=\"image\/jpeg\" \/>\n<meta name=\"author\" content=\"redaction\" \/>\n<meta name=\"twitter:card\" content=\"summary_large_image\" \/>\n<meta name=\"twitter:label1\" content=\"Written by\" \/>\n\t<meta name=\"twitter:data1\" content=\"redaction\" \/>\n\t<meta name=\"twitter:label2\" content=\"Est. reading time\" \/>\n\t<meta name=\"twitter:data2\" content=\"4 minutes\" \/>\n<script type=\"application\/ld+json\" class=\"yoast-schema-graph\">{\"@context\":\"https:\\\/\\\/schema.org\",\"@graph\":[{\"@type\":\"Article\",\"@id\":\"https:\\\/\\\/helvident.ch\\\/microbiote-buccal-et-sante-generale\\\/#article\",\"isPartOf\":{\"@id\":\"https:\\\/\\\/helvident.ch\\\/microbiote-buccal-et-sante-generale\\\/\"},\"author\":{\"name\":\"redaction\",\"@id\":\"https:\\\/\\\/helvident.ch\\\/#\\\/schema\\\/person\\\/e3896fe50405fe980b70e0b6f35b29f1\"},\"headline\":\"Microbiote buccal et impact sur la sant\u00e9 g\u00e9n\u00e9rale\",\"datePublished\":\"2022-04-03T12:21:00+00:00\",\"dateModified\":\"2022-08-18T15:17:57+00:00\",\"mainEntityOfPage\":{\"@id\":\"https:\\\/\\\/helvident.ch\\\/microbiote-buccal-et-sante-generale\\\/\"},\"wordCount\":891,\"publisher\":{\"@id\":\"https:\\\/\\\/helvident.ch\\\/#organization\"},\"image\":{\"@id\":\"https:\\\/\\\/helvident.ch\\\/microbiote-buccal-et-sante-generale\\\/#primaryimage\"},\"thumbnailUrl\":\"https:\\\/\\\/helvident.ch\\\/wp-content\\\/uploads\\\/2019\\\/07\\\/Endodontie-2.jpg\",\"keywords\":[\"bact\u00e9ries\",\"hygi\u00e8ne bucco-dentaire\",\"microbiote buccal\",\"sant\u00e9 bucco-dentaire\"],\"articleSection\":[\"Soins Dentaires\"],\"inLanguage\":\"en-US\"},{\"@type\":\"WebPage\",\"@id\":\"https:\\\/\\\/helvident.ch\\\/microbiote-buccal-et-sante-generale\\\/\",\"url\":\"https:\\\/\\\/helvident.ch\\\/microbiote-buccal-et-sante-generale\\\/\",\"name\":\"Microbiote buccal et impact sur la sant\u00e9 g\u00e9n\u00e9rale - Helvident\",\"isPartOf\":{\"@id\":\"https:\\\/\\\/helvident.ch\\\/#website\"},\"primaryImageOfPage\":{\"@id\":\"https:\\\/\\\/helvident.ch\\\/microbiote-buccal-et-sante-generale\\\/#primaryimage\"},\"image\":{\"@id\":\"https:\\\/\\\/helvident.ch\\\/microbiote-buccal-et-sante-generale\\\/#primaryimage\"},\"thumbnailUrl\":\"https:\\\/\\\/helvident.ch\\\/wp-content\\\/uploads\\\/2019\\\/07\\\/Endodontie-2.jpg\",\"datePublished\":\"2022-04-03T12:21:00+00:00\",\"dateModified\":\"2022-08-18T15:17:57+00:00\",\"description\":\"Le microbiote buccal d\u00e9signe les micro-organismes pr\u00e9sents dans la cavit\u00e9 buccale.\u00a0Quel est le lien entre le microbiote buccal et la sant\u00e9 ?\",\"breadcrumb\":{\"@id\":\"https:\\\/\\\/helvident.ch\\\/microbiote-buccal-et-sante-generale\\\/#breadcrumb\"},\"inLanguage\":\"en-US\",\"potentialAction\":[{\"@type\":\"ReadAction\",\"target\":[\"https:\\\/\\\/helvident.ch\\\/microbiote-buccal-et-sante-generale\\\/\"]}]},{\"@type\":\"ImageObject\",\"inLanguage\":\"en-US\",\"@id\":\"https:\\\/\\\/helvident.ch\\\/microbiote-buccal-et-sante-generale\\\/#primaryimage\",\"url\":\"https:\\\/\\\/helvident.ch\\\/wp-content\\\/uploads\\\/2019\\\/07\\\/Endodontie-2.jpg\",\"contentUrl\":\"https:\\\/\\\/helvident.ch\\\/wp-content\\\/uploads\\\/2019\\\/07\\\/Endodontie-2.jpg\",\"width\":1024,\"height\":683,\"caption\":\"traitement dentaire Lausanne\"},{\"@type\":\"BreadcrumbList\",\"@id\":\"https:\\\/\\\/helvident.ch\\\/microbiote-buccal-et-sante-generale\\\/#breadcrumb\",\"itemListElement\":[{\"@type\":\"ListItem\",\"position\":1,\"name\":\"Home\",\"item\":\"https:\\\/\\\/helvident.ch\\\/\"},{\"@type\":\"ListItem\",\"position\":2,\"name\":\"Microbiote buccal et impact sur la sant\u00e9 g\u00e9n\u00e9rale\"}]},{\"@type\":\"WebSite\",\"@id\":\"https:\\\/\\\/helvident.ch\\\/#website\",\"url\":\"https:\\\/\\\/helvident.ch\\\/\",\"name\":\"Helvident\",\"description\":\"Cliniques Dentaires Lausanne - Aigle - Friboug\",\"publisher\":{\"@id\":\"https:\\\/\\\/helvident.ch\\\/#organization\"},\"potentialAction\":[{\"@type\":\"SearchAction\",\"target\":{\"@type\":\"EntryPoint\",\"urlTemplate\":\"https:\\\/\\\/helvident.ch\\\/?s={search_term_string}\"},\"query-input\":{\"@type\":\"PropertyValueSpecification\",\"valueRequired\":true,\"valueName\":\"search_term_string\"}}],\"inLanguage\":\"en-US\"},{\"@type\":\"Organization\",\"@id\":\"https:\\\/\\\/helvident.ch\\\/#organization\",\"name\":\"Helvident - Cliniques Dentaires\",\"url\":\"https:\\\/\\\/helvident.ch\\\/\",\"logo\":{\"@type\":\"ImageObject\",\"inLanguage\":\"en-US\",\"@id\":\"https:\\\/\\\/helvident.ch\\\/#\\\/schema\\\/logo\\\/image\\\/\",\"url\":\"https:\\\/\\\/helvident.ch\\\/wp-content\\\/uploads\\\/2019\\\/06\\\/logo@2x.png\",\"contentUrl\":\"https:\\\/\\\/helvident.ch\\\/wp-content\\\/uploads\\\/2019\\\/06\\\/logo@2x.png\",\"width\":502,\"height\":120,\"caption\":\"Helvident - Cliniques Dentaires\"},\"image\":{\"@id\":\"https:\\\/\\\/helvident.ch\\\/#\\\/schema\\\/logo\\\/image\\\/\"},\"sameAs\":[\"https:\\\/\\\/www.facebook.com\\\/Helvident-Centre-Dentaire-Fribourg-SA-408825345872856\\\/\"]},{\"@type\":\"Person\",\"@id\":\"https:\\\/\\\/helvident.ch\\\/#\\\/schema\\\/person\\\/e3896fe50405fe980b70e0b6f35b29f1\",\"name\":\"redaction\"}]}<\/script>\n<!-- \/ Yoast SEO plugin. -->","yoast_head_json":{"title":"Oral microbiota and impact on general health - Helvident","description":"The oral microbiota refers to the micro-organisms present in the oral cavity. What is the link between oral microbiota and health?","robots":{"index":"index","follow":"follow","max-snippet":"max-snippet:-1","max-image-preview":"max-image-preview:large","max-video-preview":"max-video-preview:-1"},"canonical":"https:\/\/helvident.ch\/en\/oral-microbiota-and-general-health\/","og_locale":"en_US","og_type":"article","og_title":"Microbiote buccal et impact sur la sant\u00e9 g\u00e9n\u00e9rale - Helvident","og_description":"Le microbiote buccal d\u00e9signe les micro-organismes pr\u00e9sents dans la cavit\u00e9 buccale.\u00a0Quel est le lien entre le microbiote buccal et la sant\u00e9 ?","og_url":"https:\/\/helvident.ch\/en\/oral-microbiota-and-general-health\/","og_site_name":"Helvident","article_publisher":"https:\/\/www.facebook.com\/Helvident-Centre-Dentaire-Fribourg-SA-408825345872856\/","article_published_time":"2022-04-03T12:21:00+00:00","article_modified_time":"2022-08-18T15:17:57+00:00","og_image":[{"width":1024,"height":683,"url":"https:\/\/helvident.ch\/wp-content\/uploads\/2019\/07\/Endodontie-2.jpg","type":"image\/jpeg"}],"author":"redaction","twitter_card":"summary_large_image","twitter_misc":{"Written by":"redaction","Est. reading time":"4 minutes"},"schema":{"@context":"https:\/\/schema.org","@graph":[{"@type":"Article","@id":"https:\/\/helvident.ch\/microbiote-buccal-et-sante-generale\/#article","isPartOf":{"@id":"https:\/\/helvident.ch\/microbiote-buccal-et-sante-generale\/"},"author":{"name":"redaction","@id":"https:\/\/helvident.ch\/#\/schema\/person\/e3896fe50405fe980b70e0b6f35b29f1"},"headline":"Microbiote buccal et impact sur la sant\u00e9 g\u00e9n\u00e9rale","datePublished":"2022-04-03T12:21:00+00:00","dateModified":"2022-08-18T15:17:57+00:00","mainEntityOfPage":{"@id":"https:\/\/helvident.ch\/microbiote-buccal-et-sante-generale\/"},"wordCount":891,"publisher":{"@id":"https:\/\/helvident.ch\/#organization"},"image":{"@id":"https:\/\/helvident.ch\/microbiote-buccal-et-sante-generale\/#primaryimage"},"thumbnailUrl":"https:\/\/helvident.ch\/wp-content\/uploads\/2019\/07\/Endodontie-2.jpg","keywords":["bact\u00e9ries","hygi\u00e8ne bucco-dentaire","microbiote buccal","sant\u00e9 bucco-dentaire"],"articleSection":["Soins Dentaires"],"inLanguage":"en-US"},{"@type":"WebPage","@id":"https:\/\/helvident.ch\/microbiote-buccal-et-sante-generale\/","url":"https:\/\/helvident.ch\/microbiote-buccal-et-sante-generale\/","name":"Oral microbiota and impact on general health - Helvident","isPartOf":{"@id":"https:\/\/helvident.ch\/#website"},"primaryImageOfPage":{"@id":"https:\/\/helvident.ch\/microbiote-buccal-et-sante-generale\/#primaryimage"},"image":{"@id":"https:\/\/helvident.ch\/microbiote-buccal-et-sante-generale\/#primaryimage"},"thumbnailUrl":"https:\/\/helvident.ch\/wp-content\/uploads\/2019\/07\/Endodontie-2.jpg","datePublished":"2022-04-03T12:21:00+00:00","dateModified":"2022-08-18T15:17:57+00:00","description":"The oral microbiota refers to the micro-organisms present in the oral cavity. What is the link between oral microbiota and health?","breadcrumb":{"@id":"https:\/\/helvident.ch\/microbiote-buccal-et-sante-generale\/#breadcrumb"},"inLanguage":"en-US","potentialAction":[{"@type":"ReadAction","target":["https:\/\/helvident.ch\/microbiote-buccal-et-sante-generale\/"]}]},{"@type":"ImageObject","inLanguage":"en-US","@id":"https:\/\/helvident.ch\/microbiote-buccal-et-sante-generale\/#primaryimage","url":"https:\/\/helvident.ch\/wp-content\/uploads\/2019\/07\/Endodontie-2.jpg","contentUrl":"https:\/\/helvident.ch\/wp-content\/uploads\/2019\/07\/Endodontie-2.jpg","width":1024,"height":683,"caption":"traitement dentaire Lausanne"},{"@type":"BreadcrumbList","@id":"https:\/\/helvident.ch\/microbiote-buccal-et-sante-generale\/#breadcrumb","itemListElement":[{"@type":"ListItem","position":1,"name":"Home","item":"https:\/\/helvident.ch\/"},{"@type":"ListItem","position":2,"name":"Microbiote buccal et impact sur la sant\u00e9 g\u00e9n\u00e9rale"}]},{"@type":"WebSite","@id":"https:\/\/helvident.ch\/#website","url":"https:\/\/helvident.ch\/","name":"Helvident","description":"Cliniques Dentaires Lausanne - Aigle - Friboug","publisher":{"@id":"https:\/\/helvident.ch\/#organization"},"potentialAction":[{"@type":"SearchAction","target":{"@type":"EntryPoint","urlTemplate":"https:\/\/helvident.ch\/?s={search_term_string}"},"query-input":{"@type":"PropertyValueSpecification","valueRequired":true,"valueName":"search_term_string"}}],"inLanguage":"en-US"},{"@type":"Organization","@id":"https:\/\/helvident.ch\/#organization","name":"Helvident - Dental Clinics","url":"https:\/\/helvident.ch\/","logo":{"@type":"ImageObject","inLanguage":"en-US","@id":"https:\/\/helvident.ch\/#\/schema\/logo\/image\/","url":"https:\/\/helvident.ch\/wp-content\/uploads\/2019\/06\/logo@2x.png","contentUrl":"https:\/\/helvident.ch\/wp-content\/uploads\/2019\/06\/logo@2x.png","width":502,"height":120,"caption":"Helvident - Cliniques Dentaires"},"image":{"@id":"https:\/\/helvident.ch\/#\/schema\/logo\/image\/"},"sameAs":["https:\/\/www.facebook.com\/Helvident-Centre-Dentaire-Fribourg-SA-408825345872856\/"]},{"@type":"Person","@id":"https:\/\/helvident.ch\/#\/schema\/person\/e3896fe50405fe980b70e0b6f35b29f1","name":"redaction"}]}},"_links":{"self":[{"href":"https:\/\/helvident.ch\/en\/wp-json\/wp\/v2\/posts\/30450","targetHints":{"allow":["GET"]}}],"collection":[{"href":"https:\/\/helvident.ch\/en\/wp-json\/wp\/v2\/posts"}],"about":[{"href":"https:\/\/helvident.ch\/en\/wp-json\/wp\/v2\/types\/post"}],"author":[{"embeddable":true,"href":"https:\/\/helvident.ch\/en\/wp-json\/wp\/v2\/users\/3"}],"replies":[{"embeddable":true,"href":"https:\/\/helvident.ch\/en\/wp-json\/wp\/v2\/comments?post=30450"}],"version-history":[{"count":5,"href":"https:\/\/helvident.ch\/en\/wp-json\/wp\/v2\/posts\/30450\/revisions"}],"predecessor-version":[{"id":30504,"href":"https:\/\/helvident.ch\/en\/wp-json\/wp\/v2\/posts\/30450\/revisions\/30504"}],"wp:featuredmedia":[{"embeddable":true,"href":"https:\/\/helvident.ch\/en\/wp-json\/wp\/v2\/media\/29332"}],"wp:attachment":[{"href":"https:\/\/helvident.ch\/en\/wp-json\/wp\/v2\/media?parent=30450"}],"wp:term":[{"taxonomy":"category","embeddable":true,"href":"https:\/\/helvident.ch\/en\/wp-json\/wp\/v2\/categories?post=30450"},{"taxonomy":"post_tag","embeddable":true,"href":"https:\/\/helvident.ch\/en\/wp-json\/wp\/v2\/tags?post=30450"}],"curies":[{"name":"wp","href":"https:\/\/api.w.org\/{rel}","templated":true}]}}