{"id":29782,"date":"2020-04-23T14:11:00","date_gmt":"2020-04-23T12:11:00","guid":{"rendered":"https:\/\/helvident.ch\/?p=29782"},"modified":"2020-04-26T15:34:25","modified_gmt":"2020-04-26T13:34:25","slug":"covid-19-oral-and-dental-treatments-authorized-in-switzerland","status":"publish","type":"post","link":"https:\/\/helvident.ch\/en\/covid-19-oral-and-dental-treatments-authorized-in-switzerland\/","title":{"rendered":"COVID-19: Oral treatments once again authorized in Switzerland"},"content":{"rendered":"<p>From April 27, 2020, dental practices in Lausanne and throughout Switzerland will once again be able to welcome patients. This is what the <a rel=\"noreferrer noopener\" href=\"https:\/\/www.sso.ch\/fr\/accueil.html\" target=\"_blank\">Swiss Society of Dentists<\/a> SSO in its press release dated April 21, 2020. The extraordinary situation brought about by COVID-19 had resulted in <a rel=\"noreferrer noopener\" href=\"https:\/\/helvident.ch\/en\/coronavirus-and-dental-care-in-switzerland\/\" target=\"_blank\">the restriction of dental treatment in Switzerland<\/a>. It began on March 13, 2020, following a decision by the Swiss Federal Council. As a result, hospitals, clinics, medical and dental practices could no longer perform non-urgent procedures or treatments. Find out more about the new measures concerning dental care facilities in Switzerland.\u00a0<\/p>\n\n\n\n<h2 class=\"wp-block-heading\">The resumption of dental activities in Switzerland<\/h2>\n\n\n\n<p>On April 16, 2020, the <a rel=\"noreferrer noopener\" href=\"https:\/\/www.admin.ch\/gov\/fr\/accueil.html\" target=\"_blank\">Swiss Federal Council<\/a> has clarified the issue of limiting non-urgent medical examinations and treatments. The national ban was lifted on April 27. This decision is part of the gradual relaxation of measures relating to the coronavirus epidemic.\u00a0<\/p>\n\n\n\n<p>Naturally, the Federal Council stresses that all medical activities must be carried out in strict compliance with coronavirus protection measures. Please consult the<a rel=\"noreferrer noopener\" href=\"https:\/\/www.newsd.admin.ch\/newsd\/message\/attachments\/61027.pdf\" target=\"_blank\">Ordinance 2 COVID-19<\/a> on the relaxation of healthcare measures.<\/p>\n\n\n\n<p>Dental practices, centers and clinics can now resume their normal activities. Patients have access to all oral care services, whether for check-ups or treatment. So you can make an appointment with your dentist in Fribourg to have your teeth scaled. You can also <a rel=\"noreferrer noopener\" href=\"http:\/\/www.apple.fr\" target=\"_blank\">consult an orthodontist in Lausanne<\/a> or have your teeth whitened in Aigle.\u00a0<\/p>\n\n\n\n<p>Following this decision, Olivier Marmy, member of the SSO Central Committee, declared: \"Preserving oral health is important, as is maintaining general health. After six weeks of a restriction ordered by the Federal Council which allowed only emergency care, it was high time that the population of this country could once again be monitored and treated according to their needs, in order to prevent any deterioration in their oral condition.\" (Source: <a rel=\"noreferrer noopener\" href=\"https:\/\/www.sso.ch\/fileadmin\/upload_sso\/0_Home\/2_Newsrollbox\/0_PDF\/200421_MM_SSO_Zahnarztpraxen_offen_F.pdf\" target=\"_blank\">SSO press release<\/a>)<\/p>\n\n\n\n<h2 class=\"wp-block-heading\">Oral treatments during the COVID-19 period<\/h2>\n\n\n\n<p>However, the Swiss Federal Council points out that the gradual relaxation of measures against the coronavirus is accompanied by protection plans. These are to be applied in each sector, in agreement with the <a rel=\"noreferrer noopener\" href=\"https:\/\/www.bag.admin.ch\/bag\/fr\/home.html\" target=\"_blank\">recommendations of the Swiss Federal Office of Public Health<\/a> (FOPH).\u00a0<\/p>\n\n\n\n<p>As far as dental practices are concerned, two institutions have drawn up concrete protection plans. These are the Swiss Society of Dentists (SSO) and the Association of Cantonal Dentists of Switzerland (AMDCS). The aim is to reduce the risk of Covid-19 transmission for healthcare professionals and patients alike.\u00a0<\/p>\n\n\n\n<p>Since droplets are the main mode of contamination, the way dental practices are greeted is changing. Similarly, hygiene measures and care protocols are being reinforced.\u00a0<\/p>\n\n\n\n<h2 class=\"wp-block-heading\">Changes in patient care\u00a0<\/h2>\n\n\n\n<p>Here's what patients need to know before visiting a dental clinic in Lausanne or elsewhere:<\/p>\n\n\n\n<ul class=\"wp-block-list\"><li>Healthcare professionals carry out a thorough telephone triage and history-taking.\u00a0<\/li><li>You can be given a protective mask to wear in the dental office.<\/li><li>On arrival, you enter the treatment room immediately.\u00a0<\/li><li>You must wash or disinfect your hands before starting oral treatment.<\/li><li>You may need to gargle with a potentially virucidal solution.<\/li><li>The healthcare professional has the right to measure your temperature. If it exceeds 37.5\u00b0, he or she will postpone treatment and send you home.<\/li><li>The waiting room should only be used in exceptional circumstances. In such cases, waiting time should be limited to 15 minutes. You must maintain a safety distance of at least 2 meters.\u00a0<\/li><li>It is forbidden to provide care in rooms without windows or automatic ventilation. After each patient, the room is ventilated and disinfected for at least 15 minutes.<\/li><li>The dentist or dental hygienist must wear appropriate protective equipment (mask, gloves and goggles).<\/li><li>The firm's team will keep the use of aerosol-generating techniques to a minimum.<\/li><li>The practitioner performs scaling using manual instruments only.<\/li><\/ul>\n\n\n\n<p>Vulnerable patients or those infected with COVID-19 benefit from special measures. Feel free to consult the complete <a rel=\"noreferrer noopener\" href=\"https:\/\/www.sso.ch\/fileadmin\/upload_sso\/5_Newsletter\/2020\/Covid-19-Positionspapier_VKZS_3-7-F.pdf\" target=\"_blank\">summary document published by AMDCS and SSO<\/a>. Here you'll find detailed guidelines for running a dental practice during the coronavirus pandemic.\u00a0<\/p>\n\n\n\n<h2 class=\"wp-block-heading\">HELVIDENT dental practices face COVID-19<\/h2>\n\n\n\n<p>HELVIDENT is committed to protecting the health of its patients and team members. The dental practices in Fribourg, Lausanne and Aigle welcome you from April 27, 2020. We invite you to make an appointment by telephone.\u00a0<\/p>","protected":false},"excerpt":{"rendered":"<p>\u00c0 partir du 27 avril 2020, les cabinets dentaires de Lausanne et de toute la Suisse pourront de nouveau accueillir les patients. C\u2019est ce que r\u00e9v\u00e8le la Soci\u00e9t\u00e9 suisse des m\u00e9decins-dentistes SSO dans son communiqu\u00e9 de presse dat\u00e9 du 21 avril 2020. La situation extraordinaire entra\u00een\u00e9e par le COVID-19 avait entra\u00een\u00e9 la restriction des traitements [&#8230;]\n","protected":false},"author":3,"featured_media":29784,"comment_status":"closed","ping_status":"closed","sticky":false,"template":"","format":"standard","meta":{"_acf_changed":false,"footnotes":""},"categories":[1],"tags":[70,71,69,65,64,32],"class_list":["post-29782","post","type-post","status-publish","format-standard","has-post-thumbnail","hentry","category-soins-dentaires","tag-coronavirus","tag-covid19","tag-dentiste-a-aigle","tag-dentiste-a-fribourg","tag-dentiste-a-lausanne","tag-soins-dentaires"],"acf":[],"yoast_head":"<!-- This site is optimized with the Yoast SEO plugin v27.3 - https:\/\/yoast.com\/product\/yoast-seo-wordpress\/ -->\n<title>COVID-19 : les traitements bucco-dentaires autoris\u00e9s en Suisse<\/title>\n<meta name=\"description\" content=\"\u00c0 partir du 27 avril 2020, les cabinets dentaires suisses effectuent des traitements bucco-dentaires en p\u00e9riode de COVID-19. D\u00e9couvrez les derni\u00e8res infos.\" \/>\n<meta name=\"robots\" content=\"index, follow, max-snippet:-1, max-image-preview:large, max-video-preview:-1\" \/>\n<link rel=\"canonical\" href=\"https:\/\/helvident.ch\/en\/covid-19-oral-and-dental-treatments-authorized-in-switzerland\/\" \/>\n<meta property=\"og:locale\" content=\"en_US\" \/>\n<meta property=\"og:type\" content=\"article\" \/>\n<meta property=\"og:title\" content=\"COVID-19 : les traitements bucco-dentaires autoris\u00e9s en Suisse\" \/>\n<meta property=\"og:description\" content=\"\u00c0 partir du 27 avril 2020, les cabinets dentaires suisses effectuent des traitements bucco-dentaires en p\u00e9riode de COVID-19. D\u00e9couvrez les derni\u00e8res infos.\" \/>\n<meta property=\"og:url\" content=\"https:\/\/helvident.ch\/en\/covid-19-oral-and-dental-treatments-authorized-in-switzerland\/\" \/>\n<meta property=\"og:site_name\" content=\"Helvident\" \/>\n<meta property=\"article:publisher\" content=\"https:\/\/www.facebook.com\/Helvident-Centre-Dentaire-Fribourg-SA-408825345872856\/\" \/>\n<meta property=\"article:published_time\" content=\"2020-04-23T12:11:00+00:00\" \/>\n<meta property=\"article:modified_time\" content=\"2020-04-26T13:34:25+00:00\" \/>\n<meta property=\"og:image\" content=\"https:\/\/helvident.ch\/wp-content\/uploads\/2020\/04\/Covid-19-traitements-bucco-dentaires-Suisse-scaled.jpg\" \/>\n\t<meta property=\"og:image:width\" content=\"2048\" \/>\n\t<meta property=\"og:image:height\" content=\"1336\" \/>\n\t<meta property=\"og:image:type\" content=\"image\/jpeg\" \/>\n<meta name=\"author\" content=\"redaction\" \/>\n<meta name=\"twitter:card\" content=\"summary_large_image\" \/>\n<meta name=\"twitter:label1\" content=\"Written by\" \/>\n\t<meta name=\"twitter:data1\" content=\"redaction\" \/>\n\t<meta name=\"twitter:label2\" content=\"Est. reading time\" \/>\n\t<meta name=\"twitter:data2\" content=\"4 minutes\" \/>\n<script type=\"application\/ld+json\" class=\"yoast-schema-graph\">{\"@context\":\"https:\\\/\\\/schema.org\",\"@graph\":[{\"@type\":\"Article\",\"@id\":\"https:\\\/\\\/helvident.ch\\\/covid-19-les-traitements-bucco-dentaires-autorises-en-suisse\\\/#article\",\"isPartOf\":{\"@id\":\"https:\\\/\\\/helvident.ch\\\/covid-19-les-traitements-bucco-dentaires-autorises-en-suisse\\\/\"},\"author\":{\"name\":\"redaction\",\"@id\":\"https:\\\/\\\/helvident.ch\\\/#\\\/schema\\\/person\\\/e3896fe50405fe980b70e0b6f35b29f1\"},\"headline\":\"COVID-19 : les traitements bucco-dentaires de nouveau autoris\u00e9s en Suisse\",\"datePublished\":\"2020-04-23T12:11:00+00:00\",\"dateModified\":\"2020-04-26T13:34:25+00:00\",\"mainEntityOfPage\":{\"@id\":\"https:\\\/\\\/helvident.ch\\\/covid-19-les-traitements-bucco-dentaires-autorises-en-suisse\\\/\"},\"wordCount\":896,\"publisher\":{\"@id\":\"https:\\\/\\\/helvident.ch\\\/#organization\"},\"image\":{\"@id\":\"https:\\\/\\\/helvident.ch\\\/covid-19-les-traitements-bucco-dentaires-autorises-en-suisse\\\/#primaryimage\"},\"thumbnailUrl\":\"https:\\\/\\\/helvident.ch\\\/wp-content\\\/uploads\\\/2020\\\/04\\\/Covid-19-traitements-bucco-dentaires-Suisse-scaled.jpg\",\"keywords\":[\"coronavirus\",\"covid19\",\"dentiste \u00e0 Aigle\",\"dentiste \u00e0 Fribourg\",\"dentiste \u00e0 Lausanne\",\"soins dentaires\"],\"articleSection\":[\"Soins Dentaires\"],\"inLanguage\":\"en-US\"},{\"@type\":\"WebPage\",\"@id\":\"https:\\\/\\\/helvident.ch\\\/covid-19-les-traitements-bucco-dentaires-autorises-en-suisse\\\/\",\"url\":\"https:\\\/\\\/helvident.ch\\\/covid-19-les-traitements-bucco-dentaires-autorises-en-suisse\\\/\",\"name\":\"COVID-19 : les traitements bucco-dentaires autoris\u00e9s en Suisse\",\"isPartOf\":{\"@id\":\"https:\\\/\\\/helvident.ch\\\/#website\"},\"primaryImageOfPage\":{\"@id\":\"https:\\\/\\\/helvident.ch\\\/covid-19-les-traitements-bucco-dentaires-autorises-en-suisse\\\/#primaryimage\"},\"image\":{\"@id\":\"https:\\\/\\\/helvident.ch\\\/covid-19-les-traitements-bucco-dentaires-autorises-en-suisse\\\/#primaryimage\"},\"thumbnailUrl\":\"https:\\\/\\\/helvident.ch\\\/wp-content\\\/uploads\\\/2020\\\/04\\\/Covid-19-traitements-bucco-dentaires-Suisse-scaled.jpg\",\"datePublished\":\"2020-04-23T12:11:00+00:00\",\"dateModified\":\"2020-04-26T13:34:25+00:00\",\"description\":\"\u00c0 partir du 27 avril 2020, les cabinets dentaires suisses effectuent des traitements bucco-dentaires en p\u00e9riode de COVID-19. D\u00e9couvrez les derni\u00e8res infos.\",\"breadcrumb\":{\"@id\":\"https:\\\/\\\/helvident.ch\\\/covid-19-les-traitements-bucco-dentaires-autorises-en-suisse\\\/#breadcrumb\"},\"inLanguage\":\"en-US\",\"potentialAction\":[{\"@type\":\"ReadAction\",\"target\":[\"https:\\\/\\\/helvident.ch\\\/covid-19-les-traitements-bucco-dentaires-autorises-en-suisse\\\/\"]}]},{\"@type\":\"ImageObject\",\"inLanguage\":\"en-US\",\"@id\":\"https:\\\/\\\/helvident.ch\\\/covid-19-les-traitements-bucco-dentaires-autorises-en-suisse\\\/#primaryimage\",\"url\":\"https:\\\/\\\/helvident.ch\\\/wp-content\\\/uploads\\\/2020\\\/04\\\/Covid-19-traitements-bucco-dentaires-Suisse-scaled.jpg\",\"contentUrl\":\"https:\\\/\\\/helvident.ch\\\/wp-content\\\/uploads\\\/2020\\\/04\\\/Covid-19-traitements-bucco-dentaires-Suisse-scaled.jpg\",\"width\":2048,\"height\":1336,\"caption\":\"Covid-19 traitements bucco-dentaires en Suisse\"},{\"@type\":\"BreadcrumbList\",\"@id\":\"https:\\\/\\\/helvident.ch\\\/covid-19-les-traitements-bucco-dentaires-autorises-en-suisse\\\/#breadcrumb\",\"itemListElement\":[{\"@type\":\"ListItem\",\"position\":1,\"name\":\"Home\",\"item\":\"https:\\\/\\\/helvident.ch\\\/\"},{\"@type\":\"ListItem\",\"position\":2,\"name\":\"COVID-19 : les traitements bucco-dentaires de nouveau autoris\u00e9s en Suisse\"}]},{\"@type\":\"WebSite\",\"@id\":\"https:\\\/\\\/helvident.ch\\\/#website\",\"url\":\"https:\\\/\\\/helvident.ch\\\/\",\"name\":\"Helvident\",\"description\":\"Cliniques Dentaires Lausanne - Aigle - Friboug\",\"publisher\":{\"@id\":\"https:\\\/\\\/helvident.ch\\\/#organization\"},\"potentialAction\":[{\"@type\":\"SearchAction\",\"target\":{\"@type\":\"EntryPoint\",\"urlTemplate\":\"https:\\\/\\\/helvident.ch\\\/?s={search_term_string}\"},\"query-input\":{\"@type\":\"PropertyValueSpecification\",\"valueRequired\":true,\"valueName\":\"search_term_string\"}}],\"inLanguage\":\"en-US\"},{\"@type\":\"Organization\",\"@id\":\"https:\\\/\\\/helvident.ch\\\/#organization\",\"name\":\"Helvident - Cliniques Dentaires\",\"url\":\"https:\\\/\\\/helvident.ch\\\/\",\"logo\":{\"@type\":\"ImageObject\",\"inLanguage\":\"en-US\",\"@id\":\"https:\\\/\\\/helvident.ch\\\/#\\\/schema\\\/logo\\\/image\\\/\",\"url\":\"https:\\\/\\\/helvident.ch\\\/wp-content\\\/uploads\\\/2019\\\/06\\\/logo@2x.png\",\"contentUrl\":\"https:\\\/\\\/helvident.ch\\\/wp-content\\\/uploads\\\/2019\\\/06\\\/logo@2x.png\",\"width\":502,\"height\":120,\"caption\":\"Helvident - Cliniques Dentaires\"},\"image\":{\"@id\":\"https:\\\/\\\/helvident.ch\\\/#\\\/schema\\\/logo\\\/image\\\/\"},\"sameAs\":[\"https:\\\/\\\/www.facebook.com\\\/Helvident-Centre-Dentaire-Fribourg-SA-408825345872856\\\/\"]},{\"@type\":\"Person\",\"@id\":\"https:\\\/\\\/helvident.ch\\\/#\\\/schema\\\/person\\\/e3896fe50405fe980b70e0b6f35b29f1\",\"name\":\"redaction\"}]}<\/script>\n<!-- \/ Yoast SEO plugin. -->","yoast_head_json":{"title":"COVID-19: Oral treatments authorized in Switzerland","description":"From April 27, 2020, Swiss dental practices will be performing oral treatments during the COVID-19 period. Find out the latest news.","robots":{"index":"index","follow":"follow","max-snippet":"max-snippet:-1","max-image-preview":"max-image-preview:large","max-video-preview":"max-video-preview:-1"},"canonical":"https:\/\/helvident.ch\/en\/covid-19-oral-and-dental-treatments-authorized-in-switzerland\/","og_locale":"en_US","og_type":"article","og_title":"COVID-19 : les traitements bucco-dentaires autoris\u00e9s en Suisse","og_description":"\u00c0 partir du 27 avril 2020, les cabinets dentaires suisses effectuent des traitements bucco-dentaires en p\u00e9riode de COVID-19. D\u00e9couvrez les derni\u00e8res infos.","og_url":"https:\/\/helvident.ch\/en\/covid-19-oral-and-dental-treatments-authorized-in-switzerland\/","og_site_name":"Helvident","article_publisher":"https:\/\/www.facebook.com\/Helvident-Centre-Dentaire-Fribourg-SA-408825345872856\/","article_published_time":"2020-04-23T12:11:00+00:00","article_modified_time":"2020-04-26T13:34:25+00:00","og_image":[{"width":2048,"height":1336,"url":"https:\/\/helvident.ch\/wp-content\/uploads\/2020\/04\/Covid-19-traitements-bucco-dentaires-Suisse-scaled.jpg","type":"image\/jpeg"}],"author":"redaction","twitter_card":"summary_large_image","twitter_misc":{"Written by":"redaction","Est. reading time":"4 minutes"},"schema":{"@context":"https:\/\/schema.org","@graph":[{"@type":"Article","@id":"https:\/\/helvident.ch\/covid-19-les-traitements-bucco-dentaires-autorises-en-suisse\/#article","isPartOf":{"@id":"https:\/\/helvident.ch\/covid-19-les-traitements-bucco-dentaires-autorises-en-suisse\/"},"author":{"name":"redaction","@id":"https:\/\/helvident.ch\/#\/schema\/person\/e3896fe50405fe980b70e0b6f35b29f1"},"headline":"COVID-19 : les traitements bucco-dentaires de nouveau autoris\u00e9s en Suisse","datePublished":"2020-04-23T12:11:00+00:00","dateModified":"2020-04-26T13:34:25+00:00","mainEntityOfPage":{"@id":"https:\/\/helvident.ch\/covid-19-les-traitements-bucco-dentaires-autorises-en-suisse\/"},"wordCount":896,"publisher":{"@id":"https:\/\/helvident.ch\/#organization"},"image":{"@id":"https:\/\/helvident.ch\/covid-19-les-traitements-bucco-dentaires-autorises-en-suisse\/#primaryimage"},"thumbnailUrl":"https:\/\/helvident.ch\/wp-content\/uploads\/2020\/04\/Covid-19-traitements-bucco-dentaires-Suisse-scaled.jpg","keywords":["coronavirus","covid19","dentiste \u00e0 Aigle","dentiste \u00e0 Fribourg","dentiste \u00e0 Lausanne","soins dentaires"],"articleSection":["Soins Dentaires"],"inLanguage":"en-US"},{"@type":"WebPage","@id":"https:\/\/helvident.ch\/covid-19-les-traitements-bucco-dentaires-autorises-en-suisse\/","url":"https:\/\/helvident.ch\/covid-19-les-traitements-bucco-dentaires-autorises-en-suisse\/","name":"COVID-19: Oral treatments authorized in Switzerland","isPartOf":{"@id":"https:\/\/helvident.ch\/#website"},"primaryImageOfPage":{"@id":"https:\/\/helvident.ch\/covid-19-les-traitements-bucco-dentaires-autorises-en-suisse\/#primaryimage"},"image":{"@id":"https:\/\/helvident.ch\/covid-19-les-traitements-bucco-dentaires-autorises-en-suisse\/#primaryimage"},"thumbnailUrl":"https:\/\/helvident.ch\/wp-content\/uploads\/2020\/04\/Covid-19-traitements-bucco-dentaires-Suisse-scaled.jpg","datePublished":"2020-04-23T12:11:00+00:00","dateModified":"2020-04-26T13:34:25+00:00","description":"From April 27, 2020, Swiss dental practices will be performing oral treatments during the COVID-19 period. Find out the latest news.","breadcrumb":{"@id":"https:\/\/helvident.ch\/covid-19-les-traitements-bucco-dentaires-autorises-en-suisse\/#breadcrumb"},"inLanguage":"en-US","potentialAction":[{"@type":"ReadAction","target":["https:\/\/helvident.ch\/covid-19-les-traitements-bucco-dentaires-autorises-en-suisse\/"]}]},{"@type":"ImageObject","inLanguage":"en-US","@id":"https:\/\/helvident.ch\/covid-19-les-traitements-bucco-dentaires-autorises-en-suisse\/#primaryimage","url":"https:\/\/helvident.ch\/wp-content\/uploads\/2020\/04\/Covid-19-traitements-bucco-dentaires-Suisse-scaled.jpg","contentUrl":"https:\/\/helvident.ch\/wp-content\/uploads\/2020\/04\/Covid-19-traitements-bucco-dentaires-Suisse-scaled.jpg","width":2048,"height":1336,"caption":"Covid-19 traitements bucco-dentaires en Suisse"},{"@type":"BreadcrumbList","@id":"https:\/\/helvident.ch\/covid-19-les-traitements-bucco-dentaires-autorises-en-suisse\/#breadcrumb","itemListElement":[{"@type":"ListItem","position":1,"name":"Home","item":"https:\/\/helvident.ch\/"},{"@type":"ListItem","position":2,"name":"COVID-19 : les traitements bucco-dentaires de nouveau autoris\u00e9s en Suisse"}]},{"@type":"WebSite","@id":"https:\/\/helvident.ch\/#website","url":"https:\/\/helvident.ch\/","name":"Helvident","description":"Cliniques Dentaires Lausanne - Aigle - Friboug","publisher":{"@id":"https:\/\/helvident.ch\/#organization"},"potentialAction":[{"@type":"SearchAction","target":{"@type":"EntryPoint","urlTemplate":"https:\/\/helvident.ch\/?s={search_term_string}"},"query-input":{"@type":"PropertyValueSpecification","valueRequired":true,"valueName":"search_term_string"}}],"inLanguage":"en-US"},{"@type":"Organization","@id":"https:\/\/helvident.ch\/#organization","name":"Helvident - Dental Clinics","url":"https:\/\/helvident.ch\/","logo":{"@type":"ImageObject","inLanguage":"en-US","@id":"https:\/\/helvident.ch\/#\/schema\/logo\/image\/","url":"https:\/\/helvident.ch\/wp-content\/uploads\/2019\/06\/logo@2x.png","contentUrl":"https:\/\/helvident.ch\/wp-content\/uploads\/2019\/06\/logo@2x.png","width":502,"height":120,"caption":"Helvident - Cliniques Dentaires"},"image":{"@id":"https:\/\/helvident.ch\/#\/schema\/logo\/image\/"},"sameAs":["https:\/\/www.facebook.com\/Helvident-Centre-Dentaire-Fribourg-SA-408825345872856\/"]},{"@type":"Person","@id":"https:\/\/helvident.ch\/#\/schema\/person\/e3896fe50405fe980b70e0b6f35b29f1","name":"redaction"}]}},"_links":{"self":[{"href":"https:\/\/helvident.ch\/en\/wp-json\/wp\/v2\/posts\/29782","targetHints":{"allow":["GET"]}}],"collection":[{"href":"https:\/\/helvident.ch\/en\/wp-json\/wp\/v2\/posts"}],"about":[{"href":"https:\/\/helvident.ch\/en\/wp-json\/wp\/v2\/types\/post"}],"author":[{"embeddable":true,"href":"https:\/\/helvident.ch\/en\/wp-json\/wp\/v2\/users\/3"}],"replies":[{"embeddable":true,"href":"https:\/\/helvident.ch\/en\/wp-json\/wp\/v2\/comments?post=29782"}],"version-history":[{"count":5,"href":"https:\/\/helvident.ch\/en\/wp-json\/wp\/v2\/posts\/29782\/revisions"}],"predecessor-version":[{"id":29788,"href":"https:\/\/helvident.ch\/en\/wp-json\/wp\/v2\/posts\/29782\/revisions\/29788"}],"wp:featuredmedia":[{"embeddable":true,"href":"https:\/\/helvident.ch\/en\/wp-json\/wp\/v2\/media\/29784"}],"wp:attachment":[{"href":"https:\/\/helvident.ch\/en\/wp-json\/wp\/v2\/media?parent=29782"}],"wp:term":[{"taxonomy":"category","embeddable":true,"href":"https:\/\/helvident.ch\/en\/wp-json\/wp\/v2\/categories?post=29782"},{"taxonomy":"post_tag","embeddable":true,"href":"https:\/\/helvident.ch\/en\/wp-json\/wp\/v2\/tags?post=29782"}],"curies":[{"name":"wp","href":"https:\/\/api.w.org\/{rel}","templated":true}]}}