{"id":29005,"date":"2019-06-08T02:56:37","date_gmt":"2019-06-08T00:56:37","guid":{"rendered":"http:\/\/helvident.ch\/?p=29005"},"modified":"2019-08-31T11:59:42","modified_gmt":"2019-08-31T09:59:42","slug":"oral-and-dental-health-for-the-elderly","status":"publish","type":"post","link":"https:\/\/helvident.ch\/en\/oral-and-dental-health-for-the-elderly\/","title":{"rendered":"Oral health for the elderly"},"content":{"rendered":"<p>In Switzerland, the oral health of the elderly has really deteriorated. In fact, it is estimated that more than a third of the elderly are affected by oral diseases, with serious repercussions on their daily lives. What are the consequences of poor oral health? And how can they be avoided? We take stock.<\/p>\n\n\n\n<h2 class=\"wp-block-heading\">The figures bear witness to this<\/h2>\n\n\n\n<p>When it comes to the state of seniors' oral health, the figures are particularly alarming. In fact, they show that oral diseases are among the main pathologies affecting the elderly. <\/p>\n\n\n\n<p>The proof is that over 55 % of those placed in retirement homes have lost all their teeth; over 33 % of elderly people living in their own homes have also lost all their teeth.<\/p>\n\n\n\n<p>As seniors are often subject to cognitive problems, they find it difficult to pay attention to their bodies. So it's up to their families and professionals to keep a close eye on their oral hygiene, so that they can maintain a healthy lifestyle.   <\/p>\n\n\n\n<h2 class=\"wp-block-heading\">What are the health implications of tooth decay?<\/h2>\n\n\n\n<p>It's important to recognize that poor dental health can have serious consequences for the physical and mental health of an elderly person. If left unchecked, dental deterioration can lead to weight loss, weakened muscle mass, brittle bones (osteoporosis), loss of self-esteem and isolation.<\/p>\n\n\n\n<h2 class=\"wp-block-heading\">A few tips to prevent oral diseases <\/h2>\n\n\n\n<p>Generally speaking, senior citizens are more likely to develop oral pathologies such as cavities, tooth loss, gingivitis, loosening of the gums, periodontitis and oral cancer. To help prevent these diseases, here are a few tips to follow:<\/p>\n\n\n\n<ul class=\"wp-block-list\"><li>Eat less sugar and adopt a healthy, balanced diet to avoid gum recession and cavities.<\/li><li>Eat fruit and vegetables regularly to prevent oral cancer<\/li><li>Stop smoking to reduce the risk of serious diseases such as oral cancer and gum recession.<\/li><li>Adopt good oral hygiene<\/li><li>Evolve in an environment conducive to oral health  <\/li><li>See your dentist regularly<\/li><\/ul>\n\n\n\n<p>The truth is, dental expenses are often too expensive and discourage older people from undergoing treatment. This is why it's a good idea to take out a supplementary health insurance policy at an early age, which offers to reimburse these costs (partially or in full). <\/p>\n\n\n\n<h2 class=\"wp-block-heading\">A measure to monitor the dental hygiene of EMS residents  <\/h2>\n\n\n\n<p>A number of organizations are committed to training caregivers in retirement homes. This ensures that they are familiar with the various means of preventing oral infections and ensuring good dental hygiene for residents. It should be noted that the aim of this measure is to raise awareness and improve the skills of caregivers.<\/p>","protected":false},"excerpt":{"rendered":"<p>En Suisse, la sant\u00e9 bucco-dentaire des personnes \u00e2g\u00e9es s&#8217;est vraiment d\u00e9t\u00e9rior\u00e9e. En effet, on consid\u00e8re que plus d&#8217;un tiers des personnes \u00e2g\u00e9es sont touch\u00e9s par des maladies bucco-dentaires qui engendrent de graves r\u00e9percussions sur leur vie quotidienne. Quelles sont les cons\u00e9quences d&#8217;une mauvaise sant\u00e9 bucco-dentaire ? Comment les \u00e9viter ? On fait le point. Les [&#8230;]\n","protected":false},"author":2,"featured_media":29209,"comment_status":"closed","ping_status":"closed","sticky":false,"template":"","format":"standard","meta":{"_acf_changed":false,"footnotes":""},"categories":[1],"tags":[],"class_list":["post-29005","post","type-post","status-publish","format-standard","has-post-thumbnail","hentry","category-soins-dentaires"],"acf":[],"yoast_head":"<!-- This site is optimized with the Yoast SEO plugin v27.3 - https:\/\/yoast.com\/product\/yoast-seo-wordpress\/ -->\n<title>La sant\u00e9 bucco-dentaire des personnes \u00e2g\u00e9es - Helvident<\/title>\n<meta name=\"robots\" content=\"index, follow, max-snippet:-1, max-image-preview:large, max-video-preview:-1\" \/>\n<link rel=\"canonical\" href=\"https:\/\/helvident.ch\/en\/oral-and-dental-health-for-the-elderly\/\" \/>\n<meta property=\"og:locale\" content=\"en_US\" \/>\n<meta property=\"og:type\" content=\"article\" \/>\n<meta property=\"og:title\" content=\"La sant\u00e9 bucco-dentaire des personnes \u00e2g\u00e9es - Helvident\" \/>\n<meta property=\"og:description\" content=\"En Suisse, la sant\u00e9 bucco-dentaire des personnes \u00e2g\u00e9es s&#8217;est vraiment d\u00e9t\u00e9rior\u00e9e. En effet, on consid\u00e8re que plus d&#8217;un tiers des personnes \u00e2g\u00e9es sont touch\u00e9s par des maladies bucco-dentaires qui engendrent de graves r\u00e9percussions sur leur vie quotidienne. Quelles sont les cons\u00e9quences d&#8217;une mauvaise sant\u00e9 bucco-dentaire ? Comment les \u00e9viter ? On fait le point. Les [...]\" \/>\n<meta property=\"og:url\" content=\"https:\/\/helvident.ch\/en\/oral-and-dental-health-for-the-elderly\/\" \/>\n<meta property=\"og:site_name\" content=\"Helvident\" \/>\n<meta property=\"article:publisher\" content=\"https:\/\/www.facebook.com\/Helvident-Centre-Dentaire-Fribourg-SA-408825345872856\/\" \/>\n<meta property=\"article:published_time\" content=\"2019-06-08T00:56:37+00:00\" \/>\n<meta property=\"article:modified_time\" content=\"2019-08-31T09:59:42+00:00\" \/>\n<meta property=\"og:image\" content=\"https:\/\/helvident.ch\/wp-content\/uploads\/2019\/06\/dents_saines_3eme_age.jpeg\" \/>\n\t<meta property=\"og:image:width\" content=\"7360\" \/>\n\t<meta property=\"og:image:height\" content=\"4912\" \/>\n\t<meta property=\"og:image:type\" content=\"image\/jpeg\" \/>\n<meta name=\"author\" content=\"R\u00e9daction Helvident\" \/>\n<meta name=\"twitter:card\" content=\"summary_large_image\" \/>\n<meta name=\"twitter:label1\" content=\"Written by\" \/>\n\t<meta name=\"twitter:data1\" content=\"R\u00e9daction Helvident\" \/>\n\t<meta name=\"twitter:label2\" content=\"Est. reading time\" \/>\n\t<meta name=\"twitter:data2\" content=\"3 minutes\" \/>\n<script type=\"application\/ld+json\" class=\"yoast-schema-graph\">{\"@context\":\"https:\\\/\\\/schema.org\",\"@graph\":[{\"@type\":\"Article\",\"@id\":\"https:\\\/\\\/helvident.ch\\\/la-sante-bucco-dentaire-des-personnes-agees\\\/#article\",\"isPartOf\":{\"@id\":\"https:\\\/\\\/helvident.ch\\\/la-sante-bucco-dentaire-des-personnes-agees\\\/\"},\"author\":{\"name\":\"R\u00e9daction Helvident\",\"@id\":\"https:\\\/\\\/helvident.ch\\\/#\\\/schema\\\/person\\\/323f1dcaaf83cab7c35d3365b84f0b09\"},\"headline\":\"La sant\u00e9 bucco-dentaire des personnes \u00e2g\u00e9es\",\"datePublished\":\"2019-06-08T00:56:37+00:00\",\"dateModified\":\"2019-08-31T09:59:42+00:00\",\"mainEntityOfPage\":{\"@id\":\"https:\\\/\\\/helvident.ch\\\/la-sante-bucco-dentaire-des-personnes-agees\\\/\"},\"wordCount\":556,\"publisher\":{\"@id\":\"https:\\\/\\\/helvident.ch\\\/#organization\"},\"image\":{\"@id\":\"https:\\\/\\\/helvident.ch\\\/la-sante-bucco-dentaire-des-personnes-agees\\\/#primaryimage\"},\"thumbnailUrl\":\"https:\\\/\\\/helvident.ch\\\/wp-content\\\/uploads\\\/2019\\\/06\\\/dents_saines_3eme_age.jpeg\",\"articleSection\":[\"Soins Dentaires\"],\"inLanguage\":\"en-US\"},{\"@type\":\"WebPage\",\"@id\":\"https:\\\/\\\/helvident.ch\\\/la-sante-bucco-dentaire-des-personnes-agees\\\/\",\"url\":\"https:\\\/\\\/helvident.ch\\\/la-sante-bucco-dentaire-des-personnes-agees\\\/\",\"name\":\"La sant\u00e9 bucco-dentaire des personnes \u00e2g\u00e9es - Helvident\",\"isPartOf\":{\"@id\":\"https:\\\/\\\/helvident.ch\\\/#website\"},\"primaryImageOfPage\":{\"@id\":\"https:\\\/\\\/helvident.ch\\\/la-sante-bucco-dentaire-des-personnes-agees\\\/#primaryimage\"},\"image\":{\"@id\":\"https:\\\/\\\/helvident.ch\\\/la-sante-bucco-dentaire-des-personnes-agees\\\/#primaryimage\"},\"thumbnailUrl\":\"https:\\\/\\\/helvident.ch\\\/wp-content\\\/uploads\\\/2019\\\/06\\\/dents_saines_3eme_age.jpeg\",\"datePublished\":\"2019-06-08T00:56:37+00:00\",\"dateModified\":\"2019-08-31T09:59:42+00:00\",\"breadcrumb\":{\"@id\":\"https:\\\/\\\/helvident.ch\\\/la-sante-bucco-dentaire-des-personnes-agees\\\/#breadcrumb\"},\"inLanguage\":\"en-US\",\"potentialAction\":[{\"@type\":\"ReadAction\",\"target\":[\"https:\\\/\\\/helvident.ch\\\/la-sante-bucco-dentaire-des-personnes-agees\\\/\"]}]},{\"@type\":\"ImageObject\",\"inLanguage\":\"en-US\",\"@id\":\"https:\\\/\\\/helvident.ch\\\/la-sante-bucco-dentaire-des-personnes-agees\\\/#primaryimage\",\"url\":\"https:\\\/\\\/helvident.ch\\\/wp-content\\\/uploads\\\/2019\\\/06\\\/dents_saines_3eme_age.jpeg\",\"contentUrl\":\"https:\\\/\\\/helvident.ch\\\/wp-content\\\/uploads\\\/2019\\\/06\\\/dents_saines_3eme_age.jpeg\",\"width\":7360,\"height\":4912,\"caption\":\"Deux personnes du 3\u00e8me ages, qui ont des dents blanches\"},{\"@type\":\"BreadcrumbList\",\"@id\":\"https:\\\/\\\/helvident.ch\\\/la-sante-bucco-dentaire-des-personnes-agees\\\/#breadcrumb\",\"itemListElement\":[{\"@type\":\"ListItem\",\"position\":1,\"name\":\"Home\",\"item\":\"https:\\\/\\\/helvident.ch\\\/\"},{\"@type\":\"ListItem\",\"position\":2,\"name\":\"La sant\u00e9 bucco-dentaire des personnes \u00e2g\u00e9es\"}]},{\"@type\":\"WebSite\",\"@id\":\"https:\\\/\\\/helvident.ch\\\/#website\",\"url\":\"https:\\\/\\\/helvident.ch\\\/\",\"name\":\"Helvident\",\"description\":\"Cliniques Dentaires Lausanne - Aigle - Friboug\",\"publisher\":{\"@id\":\"https:\\\/\\\/helvident.ch\\\/#organization\"},\"potentialAction\":[{\"@type\":\"SearchAction\",\"target\":{\"@type\":\"EntryPoint\",\"urlTemplate\":\"https:\\\/\\\/helvident.ch\\\/?s={search_term_string}\"},\"query-input\":{\"@type\":\"PropertyValueSpecification\",\"valueRequired\":true,\"valueName\":\"search_term_string\"}}],\"inLanguage\":\"en-US\"},{\"@type\":\"Organization\",\"@id\":\"https:\\\/\\\/helvident.ch\\\/#organization\",\"name\":\"Helvident - Cliniques Dentaires\",\"url\":\"https:\\\/\\\/helvident.ch\\\/\",\"logo\":{\"@type\":\"ImageObject\",\"inLanguage\":\"en-US\",\"@id\":\"https:\\\/\\\/helvident.ch\\\/#\\\/schema\\\/logo\\\/image\\\/\",\"url\":\"https:\\\/\\\/helvident.ch\\\/wp-content\\\/uploads\\\/2019\\\/06\\\/logo@2x.png\",\"contentUrl\":\"https:\\\/\\\/helvident.ch\\\/wp-content\\\/uploads\\\/2019\\\/06\\\/logo@2x.png\",\"width\":502,\"height\":120,\"caption\":\"Helvident - Cliniques Dentaires\"},\"image\":{\"@id\":\"https:\\\/\\\/helvident.ch\\\/#\\\/schema\\\/logo\\\/image\\\/\"},\"sameAs\":[\"https:\\\/\\\/www.facebook.com\\\/Helvident-Centre-Dentaire-Fribourg-SA-408825345872856\\\/\"]},{\"@type\":\"Person\",\"@id\":\"https:\\\/\\\/helvident.ch\\\/#\\\/schema\\\/person\\\/323f1dcaaf83cab7c35d3365b84f0b09\",\"name\":\"R\u00e9daction Helvident\"}]}<\/script>\n<!-- \/ Yoast SEO plugin. -->","yoast_head_json":{"title":"Oral health for the elderly - Helvident","robots":{"index":"index","follow":"follow","max-snippet":"max-snippet:-1","max-image-preview":"max-image-preview:large","max-video-preview":"max-video-preview:-1"},"canonical":"https:\/\/helvident.ch\/en\/oral-and-dental-health-for-the-elderly\/","og_locale":"en_US","og_type":"article","og_title":"La sant\u00e9 bucco-dentaire des personnes \u00e2g\u00e9es - Helvident","og_description":"En Suisse, la sant\u00e9 bucco-dentaire des personnes \u00e2g\u00e9es s&#8217;est vraiment d\u00e9t\u00e9rior\u00e9e. En effet, on consid\u00e8re que plus d&#8217;un tiers des personnes \u00e2g\u00e9es sont touch\u00e9s par des maladies bucco-dentaires qui engendrent de graves r\u00e9percussions sur leur vie quotidienne. Quelles sont les cons\u00e9quences d&#8217;une mauvaise sant\u00e9 bucco-dentaire ? Comment les \u00e9viter ? On fait le point. Les [...]","og_url":"https:\/\/helvident.ch\/en\/oral-and-dental-health-for-the-elderly\/","og_site_name":"Helvident","article_publisher":"https:\/\/www.facebook.com\/Helvident-Centre-Dentaire-Fribourg-SA-408825345872856\/","article_published_time":"2019-06-08T00:56:37+00:00","article_modified_time":"2019-08-31T09:59:42+00:00","og_image":[{"width":7360,"height":4912,"url":"https:\/\/helvident.ch\/wp-content\/uploads\/2019\/06\/dents_saines_3eme_age.jpeg","type":"image\/jpeg"}],"author":"R\u00e9daction Helvident","twitter_card":"summary_large_image","twitter_misc":{"Written by":"R\u00e9daction Helvident","Est. reading time":"3 minutes"},"schema":{"@context":"https:\/\/schema.org","@graph":[{"@type":"Article","@id":"https:\/\/helvident.ch\/la-sante-bucco-dentaire-des-personnes-agees\/#article","isPartOf":{"@id":"https:\/\/helvident.ch\/la-sante-bucco-dentaire-des-personnes-agees\/"},"author":{"name":"R\u00e9daction Helvident","@id":"https:\/\/helvident.ch\/#\/schema\/person\/323f1dcaaf83cab7c35d3365b84f0b09"},"headline":"La sant\u00e9 bucco-dentaire des personnes \u00e2g\u00e9es","datePublished":"2019-06-08T00:56:37+00:00","dateModified":"2019-08-31T09:59:42+00:00","mainEntityOfPage":{"@id":"https:\/\/helvident.ch\/la-sante-bucco-dentaire-des-personnes-agees\/"},"wordCount":556,"publisher":{"@id":"https:\/\/helvident.ch\/#organization"},"image":{"@id":"https:\/\/helvident.ch\/la-sante-bucco-dentaire-des-personnes-agees\/#primaryimage"},"thumbnailUrl":"https:\/\/helvident.ch\/wp-content\/uploads\/2019\/06\/dents_saines_3eme_age.jpeg","articleSection":["Soins Dentaires"],"inLanguage":"en-US"},{"@type":"WebPage","@id":"https:\/\/helvident.ch\/la-sante-bucco-dentaire-des-personnes-agees\/","url":"https:\/\/helvident.ch\/la-sante-bucco-dentaire-des-personnes-agees\/","name":"Oral health for the elderly - Helvident","isPartOf":{"@id":"https:\/\/helvident.ch\/#website"},"primaryImageOfPage":{"@id":"https:\/\/helvident.ch\/la-sante-bucco-dentaire-des-personnes-agees\/#primaryimage"},"image":{"@id":"https:\/\/helvident.ch\/la-sante-bucco-dentaire-des-personnes-agees\/#primaryimage"},"thumbnailUrl":"https:\/\/helvident.ch\/wp-content\/uploads\/2019\/06\/dents_saines_3eme_age.jpeg","datePublished":"2019-06-08T00:56:37+00:00","dateModified":"2019-08-31T09:59:42+00:00","breadcrumb":{"@id":"https:\/\/helvident.ch\/la-sante-bucco-dentaire-des-personnes-agees\/#breadcrumb"},"inLanguage":"en-US","potentialAction":[{"@type":"ReadAction","target":["https:\/\/helvident.ch\/la-sante-bucco-dentaire-des-personnes-agees\/"]}]},{"@type":"ImageObject","inLanguage":"en-US","@id":"https:\/\/helvident.ch\/la-sante-bucco-dentaire-des-personnes-agees\/#primaryimage","url":"https:\/\/helvident.ch\/wp-content\/uploads\/2019\/06\/dents_saines_3eme_age.jpeg","contentUrl":"https:\/\/helvident.ch\/wp-content\/uploads\/2019\/06\/dents_saines_3eme_age.jpeg","width":7360,"height":4912,"caption":"Deux personnes du 3\u00e8me ages, qui ont des dents blanches"},{"@type":"BreadcrumbList","@id":"https:\/\/helvident.ch\/la-sante-bucco-dentaire-des-personnes-agees\/#breadcrumb","itemListElement":[{"@type":"ListItem","position":1,"name":"Home","item":"https:\/\/helvident.ch\/"},{"@type":"ListItem","position":2,"name":"La sant\u00e9 bucco-dentaire des personnes \u00e2g\u00e9es"}]},{"@type":"WebSite","@id":"https:\/\/helvident.ch\/#website","url":"https:\/\/helvident.ch\/","name":"Helvident","description":"Cliniques Dentaires Lausanne - Aigle - Friboug","publisher":{"@id":"https:\/\/helvident.ch\/#organization"},"potentialAction":[{"@type":"SearchAction","target":{"@type":"EntryPoint","urlTemplate":"https:\/\/helvident.ch\/?s={search_term_string}"},"query-input":{"@type":"PropertyValueSpecification","valueRequired":true,"valueName":"search_term_string"}}],"inLanguage":"en-US"},{"@type":"Organization","@id":"https:\/\/helvident.ch\/#organization","name":"Helvident - Dental Clinics","url":"https:\/\/helvident.ch\/","logo":{"@type":"ImageObject","inLanguage":"en-US","@id":"https:\/\/helvident.ch\/#\/schema\/logo\/image\/","url":"https:\/\/helvident.ch\/wp-content\/uploads\/2019\/06\/logo@2x.png","contentUrl":"https:\/\/helvident.ch\/wp-content\/uploads\/2019\/06\/logo@2x.png","width":502,"height":120,"caption":"Helvident - Cliniques Dentaires"},"image":{"@id":"https:\/\/helvident.ch\/#\/schema\/logo\/image\/"},"sameAs":["https:\/\/www.facebook.com\/Helvident-Centre-Dentaire-Fribourg-SA-408825345872856\/"]},{"@type":"Person","@id":"https:\/\/helvident.ch\/#\/schema\/person\/323f1dcaaf83cab7c35d3365b84f0b09","name":"Editorial Helvident"}]}},"_links":{"self":[{"href":"https:\/\/helvident.ch\/en\/wp-json\/wp\/v2\/posts\/29005","targetHints":{"allow":["GET"]}}],"collection":[{"href":"https:\/\/helvident.ch\/en\/wp-json\/wp\/v2\/posts"}],"about":[{"href":"https:\/\/helvident.ch\/en\/wp-json\/wp\/v2\/types\/post"}],"author":[{"embeddable":true,"href":"https:\/\/helvident.ch\/en\/wp-json\/wp\/v2\/users\/2"}],"replies":[{"embeddable":true,"href":"https:\/\/helvident.ch\/en\/wp-json\/wp\/v2\/comments?post=29005"}],"version-history":[{"count":0,"href":"https:\/\/helvident.ch\/en\/wp-json\/wp\/v2\/posts\/29005\/revisions"}],"wp:featuredmedia":[{"embeddable":true,"href":"https:\/\/helvident.ch\/en\/wp-json\/wp\/v2\/media\/29209"}],"wp:attachment":[{"href":"https:\/\/helvident.ch\/en\/wp-json\/wp\/v2\/media?parent=29005"}],"wp:term":[{"taxonomy":"category","embeddable":true,"href":"https:\/\/helvident.ch\/en\/wp-json\/wp\/v2\/categories?post=29005"},{"taxonomy":"post_tag","embeddable":true,"href":"https:\/\/helvident.ch\/en\/wp-json\/wp\/v2\/tags?post=29005"}],"curies":[{"name":"wp","href":"https:\/\/api.w.org\/{rel}","templated":true}]}}