{"id":30627,"date":"2023-01-23T14:17:55","date_gmt":"2023-01-23T13:17:55","guid":{"rendered":"https:\/\/helvident.ch\/?p=30627"},"modified":"2023-02-22T14:38:19","modified_gmt":"2023-02-22T13:38:19","slug":"mund-und-zahngesundheit-von-kindern","status":"publish","type":"post","link":"https:\/\/helvident.ch\/de\/mund-und-zahngesundheit-von-kindern\/","title":{"rendered":"Mundgesundheit von Kindern"},"content":{"rendered":"<p>Die UNESCO hat den 24. Januar als Internationalen Tag der Bildung gew\u00e4hlt. Neben den grundlegenden Lerninhalten ist es wichtig, die J\u00fcngsten f\u00fcr Hygiene und die Vorbeugung von Krankheiten zu sensibilisieren. In dieser Hinsicht spielt die Mundgesundheit von Kindern eine wichtige Rolle f\u00fcr ihr Wohlbefinden. In diesem Artikel teilen wir Wissen, auf das sie ihr ganzes Leben lang zur\u00fcckgreifen k\u00f6nnen.<\/p>\n\n\n\n<h2 class=\"wp-block-heading\">Ein gesunder Mund von klein auf<\/h2>\n\n\n\n<p>Den gesamten Mundraum gesund zu erhalten, ist von entscheidender Bedeutung. Denn die Mundh\u00f6hle mit den Z\u00e4hnen, dem Zahnfleisch, der Zunge und den Kiefern erf\u00fcllt mehrere k\u00f6rperliche Funktionen, die im Alltag unverzichtbar sind: Kauen, Trinken, Sprechen etc. <a href=\"https:\/\/helvident.ch\/de\/10-tipps-fur-ein-schones-lacheln\/\">Ein sch\u00f6nes L\u00e4cheln zeigen<\/a> f\u00f6rdert das Selbstwertgef\u00fchl und erleichtert gute Beziehungen zu anderen Menschen. Eine gute Mundgesundheit bei Kindern ist daher von entscheidender Bedeutung f\u00fcr ihre Entwicklung und ihr Wohlbefinden von klein auf.<\/p>\n\n\n\n<h2 class=\"wp-block-heading\">Z\u00e4hneputzen bei Babys<\/h2>\n\n\n\n<p>Mit dem Z\u00e4hneputzen wird begonnen, sobald die ersten Z\u00e4hne erscheinen, in der Regel zwischen 9 und 12 Monaten. Auch wenn die Milchz\u00e4hne ausfallen werden, m\u00fcssen sie gut geputzt werden, um Karies zu vermeiden. Wenn Sie sie gesund halten, k\u00f6nnen die bleibenden Z\u00e4hne in der richtigen Position wachsen. Verwenden Sie eine mit Wasser getr\u00e4nkte Kompresse ohne Zahnpasta, um die Z\u00e4hne Ihres Babys t\u00e4glich zu reinigen. Der erste Zahnarztbesuch sollte im Alter von einem Jahr stattfinden.<\/p>\n\n\n\n<h2 class=\"wp-block-heading\">Z\u00e4hneputzen bei Kindern<\/h2>\n\n\n\n<p>Ab einem Alter von 2 oder 3 Jahren k\u00f6nnen Sie damit beginnen, Ihrem Kleinkind das Z\u00e4hneputzen beizubringen, immer unter Aufsicht eines Erwachsenen.<\/p>\n\n\n\n<p>Im Alter von 6 bis 7 Jahren sollte ein Kind in der Lage sein, sich selbst die Z\u00e4hne zu putzen. Dieses Putzen ist Teil des abendlichen Rituals vor dem Schlafengehen.&nbsp;<\/p>\n\n\n\n<p>Im Teenageralter kann es vorkommen, dass Ihr Kind vergisst, sich die Z\u00e4hne zu putzen. Erinnern Sie es daran und erkl\u00e4ren Sie ihm, wie wichtig diese wichtige Ma\u00dfnahme zur Mundhygiene ist. Die guten Gewohnheiten, die Ihr Kind in der Kindheit erlernt und im Jugendalter gefestigt hat, werden ihm sein ganzes Leben lang zugute kommen.<\/p>\n\n\n\n<p>Hier sind die offiziellen Empfehlungen der Zahn\u00e4rzte in der Schweiz an die Eltern :&nbsp;<\/p>\n\n\n\n<ul class=\"wp-block-list\">\n<li>Putzen Sie die Z\u00e4hne der Kinder mindestens zweimal am Tag und jedes Mal zwei Minuten lang.<\/li>\n\n\n\n<li>Bevorzugen Sie eine Zahnb\u00fcrste mit weichen Borsten, die leichter in die Zahnzwischenr\u00e4ume gleiten und das Zahnfleisch nicht verletzen. Es ist besser, ein Modell mit einem kleinen Kopf zu w\u00e4hlen, um alle Ecken des Mundes zu erreichen.<\/li>\n\n\n\n<li>Ersetzen Sie die Zahnb\u00fcrste Ihres Kindes alle drei Monate oder fr\u00fcher, wenn sich die Borsten verformen.<\/li>\n\n\n\n<li>Verwenden Sie eine fluoridierte Zahnpasta, die dem Alter des Kindes entspricht. Denn Fluor sch\u00fctzt die Z\u00e4hne vor Karies, indem es den Zahnschmelz vor S\u00e4ureangriffen bewahrt.&nbsp;<\/li>\n<\/ul>\n\n\n\n<h2 class=\"wp-block-heading\">Vorbeugung von Munderkrankungen bei Kindern<\/h2>\n\n\n\n<p>Munderkrankungen treten in verschiedenen Formen auf, auch bei Kindern. Die h\u00e4ufigste ist Karies, aber auch bei Jugendlichen k\u00f6nnen parodontale Erkrankungen auftreten. Parodontitis betrifft das Zahnhaltegewebe.&nbsp;<\/p>\n\n\n\n<p>Wenn Ihr Kind ein hohes Kariesrisiko hat, kann der Zahnarzt vorbeugende Behandlungen durchf\u00fchren, wie z. B. die <a href=\"https:\/\/helvident.ch\/de\/die-versiegelung-von-furchen-und-schachten-bei-bleibenden-zahnen\/\" target=\"_blank\" rel=\"noreferrer noopener\">Versiegelung von Furchen<\/a> und das Auftragen von Fluoridlack.<\/p>\n\n\n\n<p>Wie das Sprichwort sagt: Vorbeugen ist besser als heilen. Vernachl\u00e4ssigen Sie daher nicht die j\u00e4hrlichen Termine Ihres Kindes beim Zahnarzt. Der Zahnarzt kann m\u00f6gliche Zahnprobleme oder Anomalien fr\u00fchzeitig erkennen und schnell behandeln. Dasselbe gilt f\u00fcr die Zahnpflege.<a href=\"https:\/\/helvident.ch\/de\/kieferorthopadie-fur-kinder-in-der-schweiz-wann-und-warum-konsultieren\/\" target=\"_blank\" rel=\"noreferrer noopener\">Kieferorthop\u00e4die f\u00fcr Kinder<\/a> wenn die Z\u00e4hne Ihres Kleinkindes falsch ausgerichtet sind.<\/p>\n\n\n\n<h2 class=\"wp-block-heading\">Die Rolle der Ern\u00e4hrung f\u00fcr die Mundgesundheit von Kindern<\/h2>\n\n\n\n<p>Kinder weisen eine erh\u00f6hte Empfindlichkeit gegen\u00fcber Zucker auf. Und die Verlockungen sind im Alltag zahlreich: S\u00fc\u00dfigkeiten, Kuchen, M\u00fcsliriegel, Limonaden, S\u00e4fte und andere Leckereien mit klebriger oder schmelzender Konsistenz... All diese Kohlenhydratquellen f\u00f6rdern das Wachstum von Bakterien, die Karies verursachen.<\/p>\n\n\n\n<p>Mit einfachen Worten k\u00f6nnen Sie Ihrem Kind erkl\u00e4ren, dass zuckerhaltige Lebensmittel, die es isst, die schlechten Bakterien im Mund ern\u00e4hren. Diese produzieren dann S\u00e4uren, die die Z\u00e4hne angreifen. Sie k\u00f6nnen ihnen empfehlen, nach dem Naschen Wasser zu trinken, um die R\u00fcckst\u00e4nde wegzusp\u00fclen.<\/p>\n\n\n\n<h2 class=\"wp-block-heading\">3 Tipps, die Sie sich f\u00fcr Ihre Kinder merken sollten<\/h2>\n\n\n\n<ul class=\"wp-block-list\">\n<li>Zweimal t\u00e4glich zwei Minuten lang die Z\u00e4hne putzen.<\/li>\n\n\n\n<li>Beschr\u00e4nken Sie den Konsum von zuckerhaltigen Speisen und Getr\u00e4nken, vor allem am Abend.<\/li>\n\n\n\n<li>Gehen Sie ab dem Alter von einem Jahr j\u00e4hrlich zum Zahnarzt.<\/li>\n<\/ul>\n\n\n\n<p>Das HELVIDENT-Zahn\u00e4rzteteam empf\u00e4ngt Sie in seinen drei Zahnkliniken in Lausanne, Freiburg und Aigle. Z\u00f6gern Sie nicht, sie um Rat zu fragen, wenn Sie Ihren Kindern Mundhygiene beibringen m\u00f6chten.\u00a0<a href=\"https:\/\/helvident.ch\/de\/kontakt\/\" target=\"_blank\" rel=\"noreferrer noopener\">Kontaktieren Sie uns<\/a> um einen Termin zu vereinbaren.<\/p>","protected":false},"excerpt":{"rendered":"<p>L\u2019UNESCO a choisi le 24 janvier pour c\u00e9l\u00e9brer la Journ\u00e9e internationale de l\u2019\u00e9ducation. En plus de l&#8217;apprentissage de base, il est important de sensibiliser les plus jeunes \u00e0 l\u2019hygi\u00e8ne et \u00e0 la pr\u00e9vention des maladies. \u00c0 ce titre, la sant\u00e9 bucco-dentaire des enfants joue un r\u00f4le important pour leur bien-\u00eatre. Dans cet article, nous partageons [&#8230;]\n","protected":false},"author":3,"featured_media":30631,"comment_status":"closed","ping_status":"closed","sticky":false,"template":"","format":"standard","meta":{"_acf_changed":false,"footnotes":""},"categories":[1],"tags":[],"class_list":["post-30627","post","type-post","status-publish","format-standard","has-post-thumbnail","hentry","category-soins-dentaires"],"acf":[],"yoast_head":"<!-- This site is optimized with the Yoast SEO plugin v27.5 - https:\/\/yoast.com\/product\/yoast-seo-wordpress\/ -->\n<title>La sant\u00e9 bucco-dentaire des enfants - Helvident<\/title>\n<meta name=\"description\" content=\"La sant\u00e9 bucco-dentaire des enfants est essentielle pour leur bien-\u00eatre. D\u00e9couvrez les gestes \u00e0 enseigner d\u00e8s le plus jeune \u00e2ge.\" \/>\n<meta name=\"robots\" content=\"index, follow, max-snippet:-1, max-image-preview:large, max-video-preview:-1\" \/>\n<link rel=\"canonical\" href=\"https:\/\/helvident.ch\/de\/mund-und-zahngesundheit-von-kindern\/\" \/>\n<meta property=\"og:locale\" content=\"de_DE\" \/>\n<meta property=\"og:type\" content=\"article\" \/>\n<meta property=\"og:title\" content=\"La sant\u00e9 bucco-dentaire des enfants - Helvident\" \/>\n<meta property=\"og:description\" content=\"La sant\u00e9 bucco-dentaire des enfants est essentielle pour leur bien-\u00eatre. D\u00e9couvrez les gestes \u00e0 enseigner d\u00e8s le plus jeune \u00e2ge.\" \/>\n<meta property=\"og:url\" content=\"https:\/\/helvident.ch\/de\/mund-und-zahngesundheit-von-kindern\/\" \/>\n<meta property=\"og:site_name\" content=\"Helvident\" \/>\n<meta property=\"article:publisher\" content=\"https:\/\/www.facebook.com\/Helvident-Centre-Dentaire-Fribourg-SA-408825345872856\/\" \/>\n<meta property=\"article:published_time\" content=\"2023-01-23T13:17:55+00:00\" \/>\n<meta property=\"article:modified_time\" content=\"2023-02-22T13:38:19+00:00\" \/>\n<meta property=\"og:image\" content=\"https:\/\/helvident.ch\/wp-content\/uploads\/2023\/02\/sante-bucco-dentaire-des-enfants-scaled.jpg\" \/>\n\t<meta property=\"og:image:width\" content=\"2048\" \/>\n\t<meta property=\"og:image:height\" content=\"1367\" \/>\n\t<meta property=\"og:image:type\" content=\"image\/jpeg\" \/>\n<meta name=\"author\" content=\"redaction\" \/>\n<meta name=\"twitter:card\" content=\"summary_large_image\" \/>\n<meta name=\"twitter:label1\" content=\"Verfasst von\" \/>\n\t<meta name=\"twitter:data1\" content=\"redaction\" \/>\n\t<meta name=\"twitter:label2\" content=\"Gesch\u00e4tzte Lesezeit\" \/>\n\t<meta name=\"twitter:data2\" content=\"4\u00a0Minuten\" \/>\n<script type=\"application\/ld+json\" class=\"yoast-schema-graph\">{\"@context\":\"https:\\\/\\\/schema.org\",\"@graph\":[{\"@type\":\"Article\",\"@id\":\"https:\\\/\\\/helvident.ch\\\/sante-bucco-dentaire-des-enfants\\\/#article\",\"isPartOf\":{\"@id\":\"https:\\\/\\\/helvident.ch\\\/sante-bucco-dentaire-des-enfants\\\/\"},\"author\":{\"name\":\"redaction\",\"@id\":\"https:\\\/\\\/helvident.ch\\\/#\\\/schema\\\/person\\\/e3896fe50405fe980b70e0b6f35b29f1\"},\"headline\":\"La sant\u00e9 bucco-dentaire des enfants\",\"datePublished\":\"2023-01-23T13:17:55+00:00\",\"dateModified\":\"2023-02-22T13:38:19+00:00\",\"mainEntityOfPage\":{\"@id\":\"https:\\\/\\\/helvident.ch\\\/sante-bucco-dentaire-des-enfants\\\/\"},\"wordCount\":859,\"publisher\":{\"@id\":\"https:\\\/\\\/helvident.ch\\\/#organization\"},\"image\":{\"@id\":\"https:\\\/\\\/helvident.ch\\\/sante-bucco-dentaire-des-enfants\\\/#primaryimage\"},\"thumbnailUrl\":\"https:\\\/\\\/helvident.ch\\\/wp-content\\\/uploads\\\/2023\\\/02\\\/sante-bucco-dentaire-des-enfants-scaled.jpg\",\"articleSection\":[\"Soins Dentaires\"],\"inLanguage\":\"de\"},{\"@type\":\"WebPage\",\"@id\":\"https:\\\/\\\/helvident.ch\\\/sante-bucco-dentaire-des-enfants\\\/\",\"url\":\"https:\\\/\\\/helvident.ch\\\/sante-bucco-dentaire-des-enfants\\\/\",\"name\":\"La sant\u00e9 bucco-dentaire des enfants - Helvident\",\"isPartOf\":{\"@id\":\"https:\\\/\\\/helvident.ch\\\/#website\"},\"primaryImageOfPage\":{\"@id\":\"https:\\\/\\\/helvident.ch\\\/sante-bucco-dentaire-des-enfants\\\/#primaryimage\"},\"image\":{\"@id\":\"https:\\\/\\\/helvident.ch\\\/sante-bucco-dentaire-des-enfants\\\/#primaryimage\"},\"thumbnailUrl\":\"https:\\\/\\\/helvident.ch\\\/wp-content\\\/uploads\\\/2023\\\/02\\\/sante-bucco-dentaire-des-enfants-scaled.jpg\",\"datePublished\":\"2023-01-23T13:17:55+00:00\",\"dateModified\":\"2023-02-22T13:38:19+00:00\",\"description\":\"La sant\u00e9 bucco-dentaire des enfants est essentielle pour leur bien-\u00eatre. D\u00e9couvrez les gestes \u00e0 enseigner d\u00e8s le plus jeune \u00e2ge.\",\"breadcrumb\":{\"@id\":\"https:\\\/\\\/helvident.ch\\\/sante-bucco-dentaire-des-enfants\\\/#breadcrumb\"},\"inLanguage\":\"de\",\"potentialAction\":[{\"@type\":\"ReadAction\",\"target\":[\"https:\\\/\\\/helvident.ch\\\/sante-bucco-dentaire-des-enfants\\\/\"]}]},{\"@type\":\"ImageObject\",\"inLanguage\":\"de\",\"@id\":\"https:\\\/\\\/helvident.ch\\\/sante-bucco-dentaire-des-enfants\\\/#primaryimage\",\"url\":\"https:\\\/\\\/helvident.ch\\\/wp-content\\\/uploads\\\/2023\\\/02\\\/sante-bucco-dentaire-des-enfants-scaled.jpg\",\"contentUrl\":\"https:\\\/\\\/helvident.ch\\\/wp-content\\\/uploads\\\/2023\\\/02\\\/sante-bucco-dentaire-des-enfants-scaled.jpg\",\"width\":2048,\"height\":1367,\"caption\":\"La sant\u00e9 bucco-dentaire des enfants\"},{\"@type\":\"BreadcrumbList\",\"@id\":\"https:\\\/\\\/helvident.ch\\\/sante-bucco-dentaire-des-enfants\\\/#breadcrumb\",\"itemListElement\":[{\"@type\":\"ListItem\",\"position\":1,\"name\":\"Home\",\"item\":\"https:\\\/\\\/helvident.ch\\\/\"},{\"@type\":\"ListItem\",\"position\":2,\"name\":\"La sant\u00e9 bucco-dentaire des enfants\"}]},{\"@type\":\"WebSite\",\"@id\":\"https:\\\/\\\/helvident.ch\\\/#website\",\"url\":\"https:\\\/\\\/helvident.ch\\\/\",\"name\":\"Helvident\",\"description\":\"Cliniques Dentaires Lausanne - Aigle - Friboug\",\"publisher\":{\"@id\":\"https:\\\/\\\/helvident.ch\\\/#organization\"},\"potentialAction\":[{\"@type\":\"SearchAction\",\"target\":{\"@type\":\"EntryPoint\",\"urlTemplate\":\"https:\\\/\\\/helvident.ch\\\/?s={search_term_string}\"},\"query-input\":{\"@type\":\"PropertyValueSpecification\",\"valueRequired\":true,\"valueName\":\"search_term_string\"}}],\"inLanguage\":\"de\"},{\"@type\":\"Organization\",\"@id\":\"https:\\\/\\\/helvident.ch\\\/#organization\",\"name\":\"Helvident - Cliniques Dentaires\",\"url\":\"https:\\\/\\\/helvident.ch\\\/\",\"logo\":{\"@type\":\"ImageObject\",\"inLanguage\":\"de\",\"@id\":\"https:\\\/\\\/helvident.ch\\\/#\\\/schema\\\/logo\\\/image\\\/\",\"url\":\"https:\\\/\\\/helvident.ch\\\/wp-content\\\/uploads\\\/2019\\\/06\\\/logo@2x.png\",\"contentUrl\":\"https:\\\/\\\/helvident.ch\\\/wp-content\\\/uploads\\\/2019\\\/06\\\/logo@2x.png\",\"width\":502,\"height\":120,\"caption\":\"Helvident - Cliniques Dentaires\"},\"image\":{\"@id\":\"https:\\\/\\\/helvident.ch\\\/#\\\/schema\\\/logo\\\/image\\\/\"},\"sameAs\":[\"https:\\\/\\\/www.facebook.com\\\/Helvident-Centre-Dentaire-Fribourg-SA-408825345872856\\\/\"]},{\"@type\":\"Person\",\"@id\":\"https:\\\/\\\/helvident.ch\\\/#\\\/schema\\\/person\\\/e3896fe50405fe980b70e0b6f35b29f1\",\"name\":\"redaction\"}]}<\/script>\n<!-- \/ Yoast SEO plugin. -->","yoast_head_json":{"title":"Mundgesundheit bei Kindern - Helvident","description":"Die Mundgesundheit von Kindern ist f\u00fcr ihr Wohlbefinden von entscheidender Bedeutung. Erfahren Sie, welche Handgriffe Sie bereits im fr\u00fchen Kindesalter erlernen sollten.","robots":{"index":"index","follow":"follow","max-snippet":"max-snippet:-1","max-image-preview":"max-image-preview:large","max-video-preview":"max-video-preview:-1"},"canonical":"https:\/\/helvident.ch\/de\/mund-und-zahngesundheit-von-kindern\/","og_locale":"de_DE","og_type":"article","og_title":"La sant\u00e9 bucco-dentaire des enfants - Helvident","og_description":"La sant\u00e9 bucco-dentaire des enfants est essentielle pour leur bien-\u00eatre. D\u00e9couvrez les gestes \u00e0 enseigner d\u00e8s le plus jeune \u00e2ge.","og_url":"https:\/\/helvident.ch\/de\/mund-und-zahngesundheit-von-kindern\/","og_site_name":"Helvident","article_publisher":"https:\/\/www.facebook.com\/Helvident-Centre-Dentaire-Fribourg-SA-408825345872856\/","article_published_time":"2023-01-23T13:17:55+00:00","article_modified_time":"2023-02-22T13:38:19+00:00","og_image":[{"width":2048,"height":1367,"url":"https:\/\/helvident.ch\/wp-content\/uploads\/2023\/02\/sante-bucco-dentaire-des-enfants-scaled.jpg","type":"image\/jpeg"}],"author":"redaction","twitter_card":"summary_large_image","twitter_misc":{"Verfasst von":"redaction","Gesch\u00e4tzte Lesezeit":"4\u00a0Minuten"},"schema":{"@context":"https:\/\/schema.org","@graph":[{"@type":"Article","@id":"https:\/\/helvident.ch\/sante-bucco-dentaire-des-enfants\/#article","isPartOf":{"@id":"https:\/\/helvident.ch\/sante-bucco-dentaire-des-enfants\/"},"author":{"name":"redaction","@id":"https:\/\/helvident.ch\/#\/schema\/person\/e3896fe50405fe980b70e0b6f35b29f1"},"headline":"La sant\u00e9 bucco-dentaire des enfants","datePublished":"2023-01-23T13:17:55+00:00","dateModified":"2023-02-22T13:38:19+00:00","mainEntityOfPage":{"@id":"https:\/\/helvident.ch\/sante-bucco-dentaire-des-enfants\/"},"wordCount":859,"publisher":{"@id":"https:\/\/helvident.ch\/#organization"},"image":{"@id":"https:\/\/helvident.ch\/sante-bucco-dentaire-des-enfants\/#primaryimage"},"thumbnailUrl":"https:\/\/helvident.ch\/wp-content\/uploads\/2023\/02\/sante-bucco-dentaire-des-enfants-scaled.jpg","articleSection":["Soins Dentaires"],"inLanguage":"de"},{"@type":"WebPage","@id":"https:\/\/helvident.ch\/sante-bucco-dentaire-des-enfants\/","url":"https:\/\/helvident.ch\/sante-bucco-dentaire-des-enfants\/","name":"Mundgesundheit bei Kindern - Helvident","isPartOf":{"@id":"https:\/\/helvident.ch\/#website"},"primaryImageOfPage":{"@id":"https:\/\/helvident.ch\/sante-bucco-dentaire-des-enfants\/#primaryimage"},"image":{"@id":"https:\/\/helvident.ch\/sante-bucco-dentaire-des-enfants\/#primaryimage"},"thumbnailUrl":"https:\/\/helvident.ch\/wp-content\/uploads\/2023\/02\/sante-bucco-dentaire-des-enfants-scaled.jpg","datePublished":"2023-01-23T13:17:55+00:00","dateModified":"2023-02-22T13:38:19+00:00","description":"Die Mundgesundheit von Kindern ist f\u00fcr ihr Wohlbefinden von entscheidender Bedeutung. Erfahren Sie, welche Handgriffe Sie bereits im fr\u00fchen Kindesalter erlernen sollten.","breadcrumb":{"@id":"https:\/\/helvident.ch\/sante-bucco-dentaire-des-enfants\/#breadcrumb"},"inLanguage":"de","potentialAction":[{"@type":"ReadAction","target":["https:\/\/helvident.ch\/sante-bucco-dentaire-des-enfants\/"]}]},{"@type":"ImageObject","inLanguage":"de","@id":"https:\/\/helvident.ch\/sante-bucco-dentaire-des-enfants\/#primaryimage","url":"https:\/\/helvident.ch\/wp-content\/uploads\/2023\/02\/sante-bucco-dentaire-des-enfants-scaled.jpg","contentUrl":"https:\/\/helvident.ch\/wp-content\/uploads\/2023\/02\/sante-bucco-dentaire-des-enfants-scaled.jpg","width":2048,"height":1367,"caption":"La sant\u00e9 bucco-dentaire des enfants"},{"@type":"BreadcrumbList","@id":"https:\/\/helvident.ch\/sante-bucco-dentaire-des-enfants\/#breadcrumb","itemListElement":[{"@type":"ListItem","position":1,"name":"Home","item":"https:\/\/helvident.ch\/"},{"@type":"ListItem","position":2,"name":"La sant\u00e9 bucco-dentaire des enfants"}]},{"@type":"WebSite","@id":"https:\/\/helvident.ch\/#website","url":"https:\/\/helvident.ch\/","name":"Helvident","description":"Zahnkliniken Lausanne - Aigle - Friboug","publisher":{"@id":"https:\/\/helvident.ch\/#organization"},"potentialAction":[{"@type":"SearchAction","target":{"@type":"EntryPoint","urlTemplate":"https:\/\/helvident.ch\/?s={search_term_string}"},"query-input":{"@type":"PropertyValueSpecification","valueRequired":true,"valueName":"search_term_string"}}],"inLanguage":"de"},{"@type":"Organization","@id":"https:\/\/helvident.ch\/#organization","name":"Helvident - Zahnmedizinische Kliniken","url":"https:\/\/helvident.ch\/","logo":{"@type":"ImageObject","inLanguage":"de","@id":"https:\/\/helvident.ch\/#\/schema\/logo\/image\/","url":"https:\/\/helvident.ch\/wp-content\/uploads\/2019\/06\/logo@2x.png","contentUrl":"https:\/\/helvident.ch\/wp-content\/uploads\/2019\/06\/logo@2x.png","width":502,"height":120,"caption":"Helvident - Cliniques Dentaires"},"image":{"@id":"https:\/\/helvident.ch\/#\/schema\/logo\/image\/"},"sameAs":["https:\/\/www.facebook.com\/Helvident-Centre-Dentaire-Fribourg-SA-408825345872856\/"]},{"@type":"Person","@id":"https:\/\/helvident.ch\/#\/schema\/person\/e3896fe50405fe980b70e0b6f35b29f1","name":"redaktion"}]}},"_links":{"self":[{"href":"https:\/\/helvident.ch\/de\/wp-json\/wp\/v2\/posts\/30627","targetHints":{"allow":["GET"]}}],"collection":[{"href":"https:\/\/helvident.ch\/de\/wp-json\/wp\/v2\/posts"}],"about":[{"href":"https:\/\/helvident.ch\/de\/wp-json\/wp\/v2\/types\/post"}],"author":[{"embeddable":true,"href":"https:\/\/helvident.ch\/de\/wp-json\/wp\/v2\/users\/3"}],"replies":[{"embeddable":true,"href":"https:\/\/helvident.ch\/de\/wp-json\/wp\/v2\/comments?post=30627"}],"version-history":[{"count":1,"href":"https:\/\/helvident.ch\/de\/wp-json\/wp\/v2\/posts\/30627\/revisions"}],"predecessor-version":[{"id":30632,"href":"https:\/\/helvident.ch\/de\/wp-json\/wp\/v2\/posts\/30627\/revisions\/30632"}],"wp:featuredmedia":[{"embeddable":true,"href":"https:\/\/helvident.ch\/de\/wp-json\/wp\/v2\/media\/30631"}],"wp:attachment":[{"href":"https:\/\/helvident.ch\/de\/wp-json\/wp\/v2\/media?parent=30627"}],"wp:term":[{"taxonomy":"category","embeddable":true,"href":"https:\/\/helvident.ch\/de\/wp-json\/wp\/v2\/categories?post=30627"},{"taxonomy":"post_tag","embeddable":true,"href":"https:\/\/helvident.ch\/de\/wp-json\/wp\/v2\/tags?post=30627"}],"curies":[{"name":"wp","href":"https:\/\/api.w.org\/{rel}","templated":true}]}}