{"id":30329,"date":"2021-11-23T14:49:00","date_gmt":"2021-11-23T13:49:00","guid":{"rendered":"https:\/\/helvident.ch\/?p=30329"},"modified":"2021-11-23T15:52:12","modified_gmt":"2021-11-23T14:52:12","slug":"zahnverlust-bei-rauchern","status":"publish","type":"post","link":"https:\/\/helvident.ch\/de\/zahnverlust-bei-rauchern\/","title":{"rendered":"Zahnverlust bei Rauchern"},"content":{"rendered":"<p>Starke Raucher erleiden im Vergleich zu Nichtrauchern einen zwei- bis dreimal h\u00f6heren Zahnverlust. Zu diesem Ergebnis kommt eine europ\u00e4ische Studie, die im <em>Journal of Dental Research<\/em>. Die Forscher untersuchten n\u00e4mlich die Gebisse von 23 000 Menschen, die rauchen und nicht rauchen. Im Durchschnitt behielten starke Raucher zwischen 3 und 5 Z\u00e4hne weniger als Nichtraucher. Dies ist darauf zur\u00fcckzuf\u00fchren, dass Tabak das Gewebe schw\u00e4cht, das die Z\u00e4hne in ihren Alveolen h\u00e4lt.<\/p>\n\n\n\n<h2 class=\"wp-block-heading\"><strong>Die Auswirkungen des Rauchens auf die Mundgesundheit<\/strong><\/h2>\n\n\n\n<p>Jeder wei\u00df, dass Tabak in jeder Form gesundheitssch\u00e4dlich ist und zu ernsthaften Problemen wie Krebs, Lungenkrankheiten und Herzerkrankungen f\u00fchren kann. Die <a href=\"https:\/\/helvident.ch\/de\/auswirkungen-des-rauchens-auf-die-mundhygiene\/\" target=\"_blank\" rel=\"noreferrer noopener\">Auswirkungen des Rauchens auf Mund und Z\u00e4hne<\/a> sind ebenfalls zahlreich. Je l\u00e4nger der Tabakkonsum andauert, desto gr\u00f6\u00dfer sind die Risiken und Symptome.&nbsp;<\/p>\n\n\n\n<ul class=\"wp-block-list\"><li>Flecken oder Verf\u00e4rbungen auf den Z\u00e4hnen<\/li><li>Anhaltender schlechter Atem<\/li><li>Ansammlung von Plaque und Zahnstein<\/li><li><a href=\"https:\/\/helvident.ch\/de\/vorbeugung-von-zahnkaries-der-rat-von-zahnarzten\/\" target=\"_blank\" rel=\"noreferrer noopener\">Zahnkaries<\/a><\/li><li>Verminderte Speichelproduktion, die zu Mundtrockenheit f\u00fchrt<\/li><li>Parodontalerkrankung, die das Zahnfleisch und den Knochen betrifft<\/li><li>Knochenverlust im Kieferbereich<\/li><li>Beeintr\u00e4chtigung des Geschmacks- und Geruchssinns<\/li><li>Zahnbeweglichkeit bis hin zum Zahnverlust<\/li><li>Geschw\u00fcrbildungen in der Mundh\u00f6hle<\/li><li>Samtige, farbenfrohe Zunge<\/li><li>Weniger schnelle Heilung nach Verletzungen oder Operationen im Mundbereich<\/li><li>Verringerung der Erfolgsaussichten bestimmter Behandlungen<\/li><li>Krebserkrankungen des Mundes, der Zunge, der Lippen und des Rachens<\/li><\/ul>\n\n\n\n<h2 class=\"wp-block-heading\"><strong>Das Risiko von Zahnverlust durch Rauchen<\/strong><\/h2>\n\n\n\n<p>Die Untersuchung des <em>Journal of Dental Research <\/em>zeigt, wie sich das Rauchen auf die Langlebigkeit der Z\u00e4hne auswirkt. Diese sind sehr gef\u00e4hrdet, da sie in direktem Kontakt mit der Zigarette stehen. Im Durchschnitt haben starke Raucher (die 15 oder mehr Zigaretten pro Tag rauchen) ein zwei- bis dreimal h\u00f6heres Risiko, ihre Z\u00e4hne zu verlieren, als Nichtraucher.<\/p>\n\n\n\n<p>Professor Thomas Dietrich, Hauptautor der Studie, erkl\u00e4rt: \"Wenn wir unsere Z\u00e4hne verlieren, geschieht dies h\u00e4ufig aufgrund von Karies oder chronischer Parodontitis (einer Zahnfleischerkrankung). Nun ist bekannt, dass Parodontitis bei Rauchern ein gro\u00dfes Risiko darstellt, da Zigaretten das Zahnfleisch physisch und chemisch angreifen. Es ist also logisch, dass je mehr sie rauchen, desto mehr Z\u00e4hne gehen verloren\".<\/p>\n\n\n\n<p>Denn durch die Hitze und die Partikel, die sie freisetzen, greifen Zigaretten das Zahnfleisch physisch und chemisch an. Dies f\u00fchrt zu einer st\u00e4ndigen Entz\u00fcndung, die die Vaskularisierung des Zahnfleischgewebes verringert und es anf\u00e4lliger f\u00fcr Angriffe von Bakterien macht, die sich in Zahnstein und Plaque befinden.&nbsp;<\/p>\n\n\n\n<p>Letztendlich entwickelt der Raucher eine Parodontitis. Bei dieser Erkrankung werden der Knochen, der die Zahnwurzel umgibt, und die B\u00e4nder, die den Zahn in seinem Alveolarfach halten, zerst\u00f6rt. Ohne Intervention kommt es zur Lockerung und zum Ausfall des Zahns.&nbsp;<\/p>\n\n\n\n<p>Es ist m\u00f6glich, das Fortschreiten der Parodontitis durch einen chirurgischen Eingriff zu bremsen. Die nicht verhandelbare Bedingung ist jedoch, dass der Patient zumindest zeitweise mit dem Rauchen aufh\u00f6ren muss, um die Wundheilung zu erm\u00f6glichen.<\/p>\n\n\n\n<h2 class=\"wp-block-heading\"><strong>Die Schlussfolgerungen der Studie<\/strong> \u00fcber den Verlust von Z\u00e4hnen<\/h2>\n\n\n\n<p>Dabei ist zu beachten, dass ein Erwachsener normalerweise 32 Z\u00e4hne hat. Aus dieser europ\u00e4ischen Studie ergeben sich die folgenden Informationen.<\/p>\n\n\n\n<p>Bei den M\u00e4nnern :&nbsp;<\/p>\n\n\n\n<ul class=\"wp-block-list\"><li>Vor dem 50. Lebensjahr: Ein Mann, der nie geraucht hat, beh\u00e4lt im Durchschnitt 28 Z\u00e4hne, ein starker Raucher dagegen 25.&nbsp;<\/li><li>Nach 60 Jahren: Der Unterschied wird gr\u00f6\u00dfer, mit 22 erhaltenen Z\u00e4hnen bei m\u00e4nnlichen Nichtrauchern gegen\u00fcber nur 7 bei starken Rauchern.<\/li><\/ul>\n\n\n\n<p>Bei den Frauen ist der Unterschied etwas geringer:<\/p>\n\n\n\n<ul class=\"wp-block-list\"><li>Vor 50 Jahren: Eine Frau, die nie geraucht hat, beh\u00e4lt im Durchschnitt 27 Z\u00e4hne, w\u00e4hrend ein starker Raucher 25 Z\u00e4hne beh\u00e4lt.&nbsp;<\/li><li>Nach 60 Jahren: 18 erhaltene Z\u00e4hne bei Nichtraucherinnen gegen\u00fcber 11 bei Raucherinnen.<\/li><\/ul>\n\n\n\n<p>Wenn man diese Daten mit anderen Faktoren, die die Zahngesundheit beeinflussen k\u00f6nnen, gewichtet, ist das Risiko eines starken Rauchers, Z\u00e4hne zu verlieren, im Vergleich zu einem Nichtraucher um das 3,6-fache und bei einer Raucherin um das 2,5-fache erh\u00f6ht.<\/p>\n\n\n\n<p>Diese Bewertung beruht auf der Analyse der medizinischen Daten von mehr als 23 000 Deutschen im Alter zwischen 20 und 70 Jahren, die acht Jahre lang beobachtet wurden.&nbsp;<\/p>\n\n\n\n<h2 class=\"wp-block-heading\"><strong>Der Sinn, mit dem Rauchen aufzuh\u00f6ren<\/strong><\/h2>\n\n\n\n<p>Hier ist eine gute Nachricht f\u00fcr Menschen, die rauchen: Wenn Sie mit dem Rauchen aufh\u00f6ren, sinkt das Risiko, dass sich Ihre Z\u00e4hne lockern, relativ schnell. Dasselbe gilt f\u00fcr alle anderen Risiken, die mit dem Rauchen verbunden sind. Es ist also nie zu sp\u00e4t, sich von der Zigarette zu verabschieden.\u00a0<\/p>\n\n\n\n<p>Wenn Sie rauchen, achten Sie auf schmerzhafte Stellen im Mund oder Rachen, die nicht innerhalb von zwei Wochen abheilen. Achten Sie darauf, ob sich auf der Zunge, der Innenseite der Wangen oder dem Zahnfleisch wei\u00dfe Flecken, harte Kugeln, eingefallene oder gew\u00f6lbte L\u00e4sionen bilden. Auch wenn Sie Schwierigkeiten beim Schlucken haben, sollten Sie Ihren Arzt aufsuchen.<\/p>","protected":false},"excerpt":{"rendered":"<p>Les gros fumeurs subissent une perte de dents 2 \u00e0 3 fois sup\u00e9rieure par rapport aux non-fumeurs. C\u2019est la conclusion d\u2019une \u00e9tude europ\u00e9enne parue dans le Journal of Dental Research. En effet, les chercheurs ont examin\u00e9 la dentition de 23 000 personnes qui fument et qui ne consomment pas de tabac. En moyenne, les gros [&#8230;]\n","protected":false},"author":3,"featured_media":30330,"comment_status":"closed","ping_status":"closed","sticky":false,"template":"","format":"standard","meta":{"_acf_changed":false,"footnotes":""},"categories":[1],"tags":[142,156,30,61,141],"class_list":["post-30329","post","type-post","status-publish","format-standard","has-post-thumbnail","hentry","category-soins-dentaires","tag-cigarette","tag-fumer","tag-hygiene-dentaire","tag-perte-de-dent","tag-tabac"],"acf":[],"yoast_head":"<!-- This site is optimized with the Yoast SEO plugin v27.3 - https:\/\/yoast.com\/product\/yoast-seo-wordpress\/ -->\n<title>La perte de dents chez les fumeurs - Helvident<\/title>\n<meta name=\"description\" content=\"La perte de dents chez les fumeurs prouv\u00e9. D\u00e9couvrez les conclusions d&#039;une \u00e9tude du Journal of Dental Research.\" \/>\n<meta name=\"robots\" content=\"index, follow, max-snippet:-1, max-image-preview:large, max-video-preview:-1\" \/>\n<link rel=\"canonical\" href=\"https:\/\/helvident.ch\/de\/zahnverlust-bei-rauchern\/\" \/>\n<meta property=\"og:locale\" content=\"de_DE\" \/>\n<meta property=\"og:type\" content=\"article\" \/>\n<meta property=\"og:title\" content=\"La perte de dents chez les fumeurs - Helvident\" \/>\n<meta property=\"og:description\" content=\"La perte de dents chez les fumeurs prouv\u00e9. D\u00e9couvrez les conclusions d&#039;une \u00e9tude du Journal of Dental Research.\" \/>\n<meta property=\"og:url\" content=\"https:\/\/helvident.ch\/de\/zahnverlust-bei-rauchern\/\" \/>\n<meta property=\"og:site_name\" content=\"Helvident\" \/>\n<meta property=\"article:publisher\" content=\"https:\/\/www.facebook.com\/Helvident-Centre-Dentaire-Fribourg-SA-408825345872856\/\" \/>\n<meta property=\"article:published_time\" content=\"2021-11-23T13:49:00+00:00\" \/>\n<meta property=\"article:modified_time\" content=\"2021-11-23T14:52:12+00:00\" \/>\n<meta property=\"og:image\" content=\"https:\/\/helvident.ch\/wp-content\/uploads\/2021\/11\/La-perte-de-dents-chez-les-fumeurs-scaled.jpg\" \/>\n\t<meta property=\"og:image:width\" content=\"2048\" \/>\n\t<meta property=\"og:image:height\" content=\"1363\" \/>\n\t<meta property=\"og:image:type\" content=\"image\/jpeg\" \/>\n<meta name=\"author\" content=\"redaction\" \/>\n<meta name=\"twitter:card\" content=\"summary_large_image\" \/>\n<meta name=\"twitter:label1\" content=\"Verfasst von\" \/>\n\t<meta name=\"twitter:data1\" content=\"redaction\" \/>\n\t<meta name=\"twitter:label2\" content=\"Gesch\u00e4tzte Lesezeit\" \/>\n\t<meta name=\"twitter:data2\" content=\"4\u00a0Minuten\" \/>\n<script type=\"application\/ld+json\" class=\"yoast-schema-graph\">{\"@context\":\"https:\\\/\\\/schema.org\",\"@graph\":[{\"@type\":\"Article\",\"@id\":\"https:\\\/\\\/helvident.ch\\\/la-perte-de-dents-chez-les-fumeurs\\\/#article\",\"isPartOf\":{\"@id\":\"https:\\\/\\\/helvident.ch\\\/la-perte-de-dents-chez-les-fumeurs\\\/\"},\"author\":{\"name\":\"redaction\",\"@id\":\"https:\\\/\\\/helvident.ch\\\/#\\\/schema\\\/person\\\/e3896fe50405fe980b70e0b6f35b29f1\"},\"headline\":\"La perte de dents chez les fumeurs\",\"datePublished\":\"2021-11-23T13:49:00+00:00\",\"dateModified\":\"2021-11-23T14:52:12+00:00\",\"mainEntityOfPage\":{\"@id\":\"https:\\\/\\\/helvident.ch\\\/la-perte-de-dents-chez-les-fumeurs\\\/\"},\"wordCount\":866,\"publisher\":{\"@id\":\"https:\\\/\\\/helvident.ch\\\/#organization\"},\"image\":{\"@id\":\"https:\\\/\\\/helvident.ch\\\/la-perte-de-dents-chez-les-fumeurs\\\/#primaryimage\"},\"thumbnailUrl\":\"https:\\\/\\\/helvident.ch\\\/wp-content\\\/uploads\\\/2021\\\/11\\\/La-perte-de-dents-chez-les-fumeurs-scaled.jpg\",\"keywords\":[\"cigarette\",\"fumer\",\"hygi\u00e8ne dentaire\",\"perte de dent\",\"tabac\"],\"articleSection\":[\"Soins Dentaires\"],\"inLanguage\":\"de\"},{\"@type\":\"WebPage\",\"@id\":\"https:\\\/\\\/helvident.ch\\\/la-perte-de-dents-chez-les-fumeurs\\\/\",\"url\":\"https:\\\/\\\/helvident.ch\\\/la-perte-de-dents-chez-les-fumeurs\\\/\",\"name\":\"La perte de dents chez les fumeurs - Helvident\",\"isPartOf\":{\"@id\":\"https:\\\/\\\/helvident.ch\\\/#website\"},\"primaryImageOfPage\":{\"@id\":\"https:\\\/\\\/helvident.ch\\\/la-perte-de-dents-chez-les-fumeurs\\\/#primaryimage\"},\"image\":{\"@id\":\"https:\\\/\\\/helvident.ch\\\/la-perte-de-dents-chez-les-fumeurs\\\/#primaryimage\"},\"thumbnailUrl\":\"https:\\\/\\\/helvident.ch\\\/wp-content\\\/uploads\\\/2021\\\/11\\\/La-perte-de-dents-chez-les-fumeurs-scaled.jpg\",\"datePublished\":\"2021-11-23T13:49:00+00:00\",\"dateModified\":\"2021-11-23T14:52:12+00:00\",\"description\":\"La perte de dents chez les fumeurs prouv\u00e9. D\u00e9couvrez les conclusions d'une \u00e9tude du Journal of Dental Research.\",\"breadcrumb\":{\"@id\":\"https:\\\/\\\/helvident.ch\\\/la-perte-de-dents-chez-les-fumeurs\\\/#breadcrumb\"},\"inLanguage\":\"de\",\"potentialAction\":[{\"@type\":\"ReadAction\",\"target\":[\"https:\\\/\\\/helvident.ch\\\/la-perte-de-dents-chez-les-fumeurs\\\/\"]}]},{\"@type\":\"ImageObject\",\"inLanguage\":\"de\",\"@id\":\"https:\\\/\\\/helvident.ch\\\/la-perte-de-dents-chez-les-fumeurs\\\/#primaryimage\",\"url\":\"https:\\\/\\\/helvident.ch\\\/wp-content\\\/uploads\\\/2021\\\/11\\\/La-perte-de-dents-chez-les-fumeurs-scaled.jpg\",\"contentUrl\":\"https:\\\/\\\/helvident.ch\\\/wp-content\\\/uploads\\\/2021\\\/11\\\/La-perte-de-dents-chez-les-fumeurs-scaled.jpg\",\"width\":2048,\"height\":1363,\"caption\":\"La perte de dents chez les fumeurs\"},{\"@type\":\"BreadcrumbList\",\"@id\":\"https:\\\/\\\/helvident.ch\\\/la-perte-de-dents-chez-les-fumeurs\\\/#breadcrumb\",\"itemListElement\":[{\"@type\":\"ListItem\",\"position\":1,\"name\":\"Home\",\"item\":\"https:\\\/\\\/helvident.ch\\\/\"},{\"@type\":\"ListItem\",\"position\":2,\"name\":\"La perte de dents chez les fumeurs\"}]},{\"@type\":\"WebSite\",\"@id\":\"https:\\\/\\\/helvident.ch\\\/#website\",\"url\":\"https:\\\/\\\/helvident.ch\\\/\",\"name\":\"Helvident\",\"description\":\"Cliniques Dentaires Lausanne - Aigle - Friboug\",\"publisher\":{\"@id\":\"https:\\\/\\\/helvident.ch\\\/#organization\"},\"potentialAction\":[{\"@type\":\"SearchAction\",\"target\":{\"@type\":\"EntryPoint\",\"urlTemplate\":\"https:\\\/\\\/helvident.ch\\\/?s={search_term_string}\"},\"query-input\":{\"@type\":\"PropertyValueSpecification\",\"valueRequired\":true,\"valueName\":\"search_term_string\"}}],\"inLanguage\":\"de\"},{\"@type\":\"Organization\",\"@id\":\"https:\\\/\\\/helvident.ch\\\/#organization\",\"name\":\"Helvident - Cliniques Dentaires\",\"url\":\"https:\\\/\\\/helvident.ch\\\/\",\"logo\":{\"@type\":\"ImageObject\",\"inLanguage\":\"de\",\"@id\":\"https:\\\/\\\/helvident.ch\\\/#\\\/schema\\\/logo\\\/image\\\/\",\"url\":\"https:\\\/\\\/helvident.ch\\\/wp-content\\\/uploads\\\/2019\\\/06\\\/logo@2x.png\",\"contentUrl\":\"https:\\\/\\\/helvident.ch\\\/wp-content\\\/uploads\\\/2019\\\/06\\\/logo@2x.png\",\"width\":502,\"height\":120,\"caption\":\"Helvident - Cliniques Dentaires\"},\"image\":{\"@id\":\"https:\\\/\\\/helvident.ch\\\/#\\\/schema\\\/logo\\\/image\\\/\"},\"sameAs\":[\"https:\\\/\\\/www.facebook.com\\\/Helvident-Centre-Dentaire-Fribourg-SA-408825345872856\\\/\"]},{\"@type\":\"Person\",\"@id\":\"https:\\\/\\\/helvident.ch\\\/#\\\/schema\\\/person\\\/e3896fe50405fe980b70e0b6f35b29f1\",\"name\":\"redaction\"}]}<\/script>\n<!-- \/ Yoast SEO plugin. -->","yoast_head_json":{"title":"Zahnverlust bei Rauchern - Helvident","description":"Zahnverlust bei Rauchern nachgewiesen. Erfahren Sie mehr \u00fcber die Ergebnisse einer Studie im Journal of Dental Research.","robots":{"index":"index","follow":"follow","max-snippet":"max-snippet:-1","max-image-preview":"max-image-preview:large","max-video-preview":"max-video-preview:-1"},"canonical":"https:\/\/helvident.ch\/de\/zahnverlust-bei-rauchern\/","og_locale":"de_DE","og_type":"article","og_title":"La perte de dents chez les fumeurs - Helvident","og_description":"La perte de dents chez les fumeurs prouv\u00e9. D\u00e9couvrez les conclusions d'une \u00e9tude du Journal of Dental Research.","og_url":"https:\/\/helvident.ch\/de\/zahnverlust-bei-rauchern\/","og_site_name":"Helvident","article_publisher":"https:\/\/www.facebook.com\/Helvident-Centre-Dentaire-Fribourg-SA-408825345872856\/","article_published_time":"2021-11-23T13:49:00+00:00","article_modified_time":"2021-11-23T14:52:12+00:00","og_image":[{"width":2048,"height":1363,"url":"https:\/\/helvident.ch\/wp-content\/uploads\/2021\/11\/La-perte-de-dents-chez-les-fumeurs-scaled.jpg","type":"image\/jpeg"}],"author":"redaction","twitter_card":"summary_large_image","twitter_misc":{"Verfasst von":"redaction","Gesch\u00e4tzte Lesezeit":"4\u00a0Minuten"},"schema":{"@context":"https:\/\/schema.org","@graph":[{"@type":"Article","@id":"https:\/\/helvident.ch\/la-perte-de-dents-chez-les-fumeurs\/#article","isPartOf":{"@id":"https:\/\/helvident.ch\/la-perte-de-dents-chez-les-fumeurs\/"},"author":{"name":"redaction","@id":"https:\/\/helvident.ch\/#\/schema\/person\/e3896fe50405fe980b70e0b6f35b29f1"},"headline":"La perte de dents chez les fumeurs","datePublished":"2021-11-23T13:49:00+00:00","dateModified":"2021-11-23T14:52:12+00:00","mainEntityOfPage":{"@id":"https:\/\/helvident.ch\/la-perte-de-dents-chez-les-fumeurs\/"},"wordCount":866,"publisher":{"@id":"https:\/\/helvident.ch\/#organization"},"image":{"@id":"https:\/\/helvident.ch\/la-perte-de-dents-chez-les-fumeurs\/#primaryimage"},"thumbnailUrl":"https:\/\/helvident.ch\/wp-content\/uploads\/2021\/11\/La-perte-de-dents-chez-les-fumeurs-scaled.jpg","keywords":["cigarette","fumer","hygi\u00e8ne dentaire","perte de dent","tabac"],"articleSection":["Soins Dentaires"],"inLanguage":"de"},{"@type":"WebPage","@id":"https:\/\/helvident.ch\/la-perte-de-dents-chez-les-fumeurs\/","url":"https:\/\/helvident.ch\/la-perte-de-dents-chez-les-fumeurs\/","name":"Zahnverlust bei Rauchern - Helvident","isPartOf":{"@id":"https:\/\/helvident.ch\/#website"},"primaryImageOfPage":{"@id":"https:\/\/helvident.ch\/la-perte-de-dents-chez-les-fumeurs\/#primaryimage"},"image":{"@id":"https:\/\/helvident.ch\/la-perte-de-dents-chez-les-fumeurs\/#primaryimage"},"thumbnailUrl":"https:\/\/helvident.ch\/wp-content\/uploads\/2021\/11\/La-perte-de-dents-chez-les-fumeurs-scaled.jpg","datePublished":"2021-11-23T13:49:00+00:00","dateModified":"2021-11-23T14:52:12+00:00","description":"Zahnverlust bei Rauchern nachgewiesen. Erfahren Sie mehr \u00fcber die Ergebnisse einer Studie im Journal of Dental Research.","breadcrumb":{"@id":"https:\/\/helvident.ch\/la-perte-de-dents-chez-les-fumeurs\/#breadcrumb"},"inLanguage":"de","potentialAction":[{"@type":"ReadAction","target":["https:\/\/helvident.ch\/la-perte-de-dents-chez-les-fumeurs\/"]}]},{"@type":"ImageObject","inLanguage":"de","@id":"https:\/\/helvident.ch\/la-perte-de-dents-chez-les-fumeurs\/#primaryimage","url":"https:\/\/helvident.ch\/wp-content\/uploads\/2021\/11\/La-perte-de-dents-chez-les-fumeurs-scaled.jpg","contentUrl":"https:\/\/helvident.ch\/wp-content\/uploads\/2021\/11\/La-perte-de-dents-chez-les-fumeurs-scaled.jpg","width":2048,"height":1363,"caption":"La perte de dents chez les fumeurs"},{"@type":"BreadcrumbList","@id":"https:\/\/helvident.ch\/la-perte-de-dents-chez-les-fumeurs\/#breadcrumb","itemListElement":[{"@type":"ListItem","position":1,"name":"Home","item":"https:\/\/helvident.ch\/"},{"@type":"ListItem","position":2,"name":"La perte de dents chez les fumeurs"}]},{"@type":"WebSite","@id":"https:\/\/helvident.ch\/#website","url":"https:\/\/helvident.ch\/","name":"Helvident","description":"Zahnkliniken Lausanne - Aigle - Friboug","publisher":{"@id":"https:\/\/helvident.ch\/#organization"},"potentialAction":[{"@type":"SearchAction","target":{"@type":"EntryPoint","urlTemplate":"https:\/\/helvident.ch\/?s={search_term_string}"},"query-input":{"@type":"PropertyValueSpecification","valueRequired":true,"valueName":"search_term_string"}}],"inLanguage":"de"},{"@type":"Organization","@id":"https:\/\/helvident.ch\/#organization","name":"Helvident - Zahnmedizinische Kliniken","url":"https:\/\/helvident.ch\/","logo":{"@type":"ImageObject","inLanguage":"de","@id":"https:\/\/helvident.ch\/#\/schema\/logo\/image\/","url":"https:\/\/helvident.ch\/wp-content\/uploads\/2019\/06\/logo@2x.png","contentUrl":"https:\/\/helvident.ch\/wp-content\/uploads\/2019\/06\/logo@2x.png","width":502,"height":120,"caption":"Helvident - Cliniques Dentaires"},"image":{"@id":"https:\/\/helvident.ch\/#\/schema\/logo\/image\/"},"sameAs":["https:\/\/www.facebook.com\/Helvident-Centre-Dentaire-Fribourg-SA-408825345872856\/"]},{"@type":"Person","@id":"https:\/\/helvident.ch\/#\/schema\/person\/e3896fe50405fe980b70e0b6f35b29f1","name":"redaktion"}]}},"_links":{"self":[{"href":"https:\/\/helvident.ch\/de\/wp-json\/wp\/v2\/posts\/30329","targetHints":{"allow":["GET"]}}],"collection":[{"href":"https:\/\/helvident.ch\/de\/wp-json\/wp\/v2\/posts"}],"about":[{"href":"https:\/\/helvident.ch\/de\/wp-json\/wp\/v2\/types\/post"}],"author":[{"embeddable":true,"href":"https:\/\/helvident.ch\/de\/wp-json\/wp\/v2\/users\/3"}],"replies":[{"embeddable":true,"href":"https:\/\/helvident.ch\/de\/wp-json\/wp\/v2\/comments?post=30329"}],"version-history":[{"count":3,"href":"https:\/\/helvident.ch\/de\/wp-json\/wp\/v2\/posts\/30329\/revisions"}],"predecessor-version":[{"id":30334,"href":"https:\/\/helvident.ch\/de\/wp-json\/wp\/v2\/posts\/30329\/revisions\/30334"}],"wp:featuredmedia":[{"embeddable":true,"href":"https:\/\/helvident.ch\/de\/wp-json\/wp\/v2\/media\/30330"}],"wp:attachment":[{"href":"https:\/\/helvident.ch\/de\/wp-json\/wp\/v2\/media?parent=30329"}],"wp:term":[{"taxonomy":"category","embeddable":true,"href":"https:\/\/helvident.ch\/de\/wp-json\/wp\/v2\/categories?post=30329"},{"taxonomy":"post_tag","embeddable":true,"href":"https:\/\/helvident.ch\/de\/wp-json\/wp\/v2\/tags?post=30329"}],"curies":[{"name":"wp","href":"https:\/\/api.w.org\/{rel}","templated":true}]}}