{"id":30177,"date":"2023-09-23T14:07:00","date_gmt":"2023-09-23T12:07:00","guid":{"rendered":"https:\/\/helvident.ch\/?p=30177"},"modified":"2023-10-25T14:41:43","modified_gmt":"2023-10-25T12:41:43","slug":"aphten-im-mund-zahnarzte-beantworten-ihre-fragen","status":"publish","type":"post","link":"https:\/\/helvident.ch\/de\/aphten-im-mund-zahnarzte-beantworten-ihre-fragen\/","title":{"rendered":"Aphten im Mund: Zahn\u00e4rzte beantworten Ihre Fragen"},"content":{"rendered":"<p>Aphten im Mund zeigen sich als kleine runde oder ovale Geschw\u00fcre. Sie sind oberfl\u00e4chlich und nicht ansteckend, k\u00f6nnen aber im Alltag beim Essen oder Sprechen st\u00f6ren. In den meisten F\u00e4llen verschwinden diese Geschw\u00fcre nach einer Woche von selbst. Unsere Zahn\u00e4rzte in Lausanne und Freiburg beantworten die h\u00e4ufigsten Fragen zu Aphthen im Mund.&nbsp;<\/p>\n\n\n\n<h2 class=\"wp-block-heading\"><strong>Was sind die Symptome?<\/strong><\/h2>\n\n\n\n<p>L'<a href=\"https:\/\/helvident.ch\/de\/aphten-kennenlernen-symptome-und-ursachen-der-stomatitis-aphthosa\/\" target=\"_blank\" rel=\"noreferrer noopener\">Auftreten von oralen Aphten<\/a> wird in der Regel von einem brennenden und\/oder ziehenden Gef\u00fchl begleitet. Das Zentrum des Geschw\u00fcrs ist wei\u00dflich oder gelblich und hat einen roten Rand. Kleinere Aphthen haben einen Durchmesser von 2 mm bis 1 cm und verschwinden nach ein bis zwei Wochen. Gr\u00f6\u00dfere Aphthen haben einen Durchmesser von mehr als 1 cm. Die Heilungszeit kann bis zu 6 Wochen betragen. Die selteneren herpetiformen Aphthen treten in Form einer Gruppe von 10 bis 100 Aphthen mit unregelm\u00e4\u00dfigen Konturen auf. Von aphth\u00f6ser Stomatitis spricht man, wenn Sie unter wiederholten Apthen im Mund leiden.<\/p>\n\n\n\n<h2 class=\"wp-block-heading\"><strong>Warum man Aphten hat <strong>in den Mund<\/strong><\/strong> <strong>?<\/strong><\/h2>\n\n\n\n<p>Die Ursachen f\u00fcr diese geringf\u00fcgigen Beschwerden sind von Patient zu Patient sehr unterschiedlich. Hier ist eine Liste der Hauptursachen f\u00fcr h\u00e4ufige Aphthen :&nbsp;<\/p>\n\n\n\n<ul class=\"wp-block-list\"><li>eine Verletzung der Schleimhaut wie ein Biss<\/li><li>zu energisches Z\u00e4hneputzen<\/li><li>ein Reiben von Zahnprothesen<\/li><li>der Verzehr bestimmter Lebensmittel (N\u00fcsse, Erdbeeren, Gew\u00fcrze, Schalentiere, bestimmte K\u00e4sesorten wie Gruy\u00e8re). <\/li><li>ein ern\u00e4hrungsbedingter Mangel an Vitamin B12, Zink, Fols\u00e4ure oder Eisen<\/li><li>M\u00fcdigkeit<\/li><li>Stress<\/li><li>eine Infektion mit dem Bakterium\u00a0<em>Helicobacter pylori<\/em><\/li><li>Bestimmte Medikamente (nichtsteroidale entz\u00fcndungshemmende Medikamente, Betablocker, Biphosphonate, Medikamente zur Behandlung von Krebs...)<\/li><li>Nahrungsmittelallergien oder -empfindlichkeiten<\/li><li>die Menstruationszeit bei manchen Frauen.<\/li><\/ul>\n\n\n\n<h2 class=\"wp-block-heading\"><strong>Welche Lebensmittel sollte man bei Aphten im Mund meiden?<\/strong><\/h2>\n\n\n\n<ul class=\"wp-block-list\"><li>Die N\u00fcsse<\/li><li>Bestimmte rohe Fr\u00fcchte wie Erdbeeren, Ananas, Aprikosen und Tomaten.<\/li><li>Scharfe oder saure Gerichte<\/li><li>Die Krustentiere<\/li><li>Einige Hartk\u00e4sesorten wie Gruy\u00e8re und Parmesan.<\/li><\/ul>\n\n\n\n<h2 class=\"wp-block-heading\"><strong>Wie kann man durch den Verzehr von Waln\u00fcssen keine Aphten bekommen?<\/strong><\/h2>\n\n\n\n<p>N\u00fcsse k\u00f6nnen das Innere des Mundes durch ein mechanisches Ph\u00e4nomen reizen. Dies ist eine h\u00e4ufige Ursache f\u00fcr das Auftreten von Aphten im Mund. Wenn Sie die Nuss trotzdem genie\u00dfen m\u00f6chten, sollten Sie sie vor dem Verzehr 30 bis 60 Minuten einweichen. Dadurch wird \u00fcbrigens auch die braune Haut entfernt.<\/p>\n\n\n\n<h2 class=\"wp-block-heading\"><strong>Wie kann man eine Aphte schnell behandeln?<\/strong><\/h2>\n\n\n\n<p>Geben Sie dazu ein bis zwei Teel\u00f6ffel Salz in ein Glas lauwarmes Wasser und verr\u00fchren Sie es dann. Sp\u00fclen Sie Ihren Mund mehrmals t\u00e4glich mit Salzwasser aus. Sie k\u00f6nnen auch etwas Honig direkt auf die Aphte auftragen. Honig hat n\u00e4mlich beruhigende, antiseptische, antibakterielle und wundheilende Eigenschaften.<\/p>\n\n\n\n<h2 class=\"wp-block-heading\"><strong>Was ist die beste Behandlung f\u00fcr Aphthen?<\/strong><\/h2>\n\n\n\n<p>In den meisten F\u00e4llen heilen Aphten innerhalb weniger Tage von selbst. Wenn Sie Schmerzen haben, empfehlen die Zahn\u00e4rzte in Freiburg und Lausanne die Einnahme von Paracetamol. Sie sollten wissen, dass es neben den nat\u00fcrlichen Heilmitteln f\u00fcr <a href=\"https:\/\/helvident.ch\/de\/wie-man-gemeinsame-aphten-behandelt-naturliche-behandlungen-und-heilmittel\/\" target=\"_blank\" rel=\"noreferrer noopener\">Aphten behandeln<\/a> im Mund, sind lokale Behandlungen in der Apotheke erh\u00e4ltlich.\u00a0<\/p>\n\n\n\n<h2 class=\"wp-block-heading\"><strong>Welche Krankheit verursacht Aphten im Mund?<\/strong><\/h2>\n\n\n\n<p>Die <a href=\"https:\/\/www.revmed.ch\/revue-medicale-suisse\/2010\/revue-medicale-suisse-265\/aphtes-recidivants-comment-faire-face\">wiederkehrende Aphthen<\/a> k\u00f6nnen auf eine zugrunde liegende Erkrankung hindeuten :&nbsp;<\/p>\n\n\n\n<ul class=\"wp-block-list\"><li>An\u00e4mie&nbsp;<\/li><li>Z\u00f6liakie (Glutenunvertr\u00e4glichkeit)<\/li><li>Entz\u00fcndliche Darmerkrankung (Morbus Crohn oder Colitis ulcerosa)<\/li><li>Immunschw\u00e4che&nbsp;<\/li><li>l\u00e4ngerfristige Kortikoidbehandlung<\/li><li><a href=\"https:\/\/www.chuv.ch\/fr\/ial\/ial-home\/professionnels-de-la-sante\/maladies-immunologiques\/maladie-de-behcet\">Beh\u00e7et-Krankheit<\/a> (Aphthen werden von Genitalgeschw\u00fcren, entz\u00fcndlichen Augensch\u00e4den, Hautverletzungen und h\u00e4ufigem Gelenkbefall begleitet).<\/li><\/ul>\n\n\n\n<p>Wir empfehlen Ihnen, Ihren Arzt aufzusuchen, um eine Diagnose zu stellen.<\/p>\n\n\n\n<h2 class=\"wp-block-heading\"><strong>Wie kann man Aphthen vermeiden?<\/strong><\/h2>\n\n\n\n<ul class=\"wp-block-list\"><li>Vermeiden Sie den Verzehr von Lebensmitteln, die das Auftreten von Aphten beg\u00fcnstigen.&nbsp;<\/li><li>Bevorzugen Sie eine Zahnb\u00fcrste mit weichen Borsten.<\/li><li>Putzen Sie Ihre Z\u00e4hne sanft.&nbsp;<\/li><li>Kauen Sie nicht auf Ihren Lippen oder Wangen herum.&nbsp;<\/li><li>Versuchen Sie, in Zeiten von Stress und M\u00fcdigkeit den Fu\u00df vom Gaspedal zu nehmen.&nbsp;<\/li><\/ul>\n\n\n\n<h2 class=\"wp-block-heading\"><strong>Kann man eine Aphte aufstechen?<\/strong><\/h2>\n\n\n\n<p>Nein, es wird dringend davon abgeraten, eine Aphte im Mund selbst zu durchstechen. Sie k\u00f6nnten dadurch eine Infektion im Mund verursachen. Wenden Sie sich an einen Arzt, um eine Behandlung zu finden, wenn Sie unertr\u00e4gliche Schmerzen oder Beschwerden haben. &nbsp;<\/p>\n\n\n\n<h2 class=\"wp-block-heading\"><strong>Wo treten Aphten auf?&nbsp;<\/strong><\/h2>\n\n\n\n<p>Man findet sie vor allem auf der Innenseite der Lippen, am Zahnfleisch, an der Innenseite der Wange, auf und unter der Zunge und manchmal im Rachen. Im Unterschied zu einer Aphte ist ein Abszess eine Eitertasche, die sich an einem Zahn befindet. Wenn Sie diese Art von L\u00e4sion bemerken, sollten Sie schnell einen Zahnarzt in der franz\u00f6sischen Schweiz aufsuchen.<\/p>\n\n\n\n<h2 class=\"wp-block-heading\"><strong>Wie verbrennt man eine Aphte?<\/strong><\/h2>\n\n\n\n<p>Diese Art der Behandlung kann nur von einem Angeh\u00f6rigen der Gesundheitsberufe durchgef\u00fchrt werden. Er wird einen Tropfen Trichloressigs\u00e4ure auf den betroffenen Teil der Schleimhaut auftragen.<\/p>\n\n\n\n<h2 class=\"wp-block-heading\"><strong>Wen man bei Aphthen konsultieren sollte <strong>in den Mund<\/strong> ?<\/strong><\/h2>\n\n\n\n<p>Sie k\u00f6nnen einen Termin bei einem Allgemeinmediziner, Zahnarzt, Dermatologen, HNO-Arzt oder Stomatologen vereinbaren. Alle diese \u00c4rzte behandeln Aphthen.<\/p>\n\n\n\n<p><strong>Das Team von HELVIDENT besteht aus Zahn\u00e4rzten, Dentalhygienikern und Spezialisten f\u00fcr Mundgesundheit. Unsere Zahnkliniken befinden sich in Freiburg, Lausanne und Aigle. Z\u00f6gern Sie nicht <a href=\"https:\/\/helvident.ch\/de\/kontakt\/\">uns kontaktieren<\/a> um einen Termin zu vereinbaren. \u00a0<\/strong><\/p>","protected":false},"excerpt":{"rendered":"<p>Les aphtes dans la bouche se manifestent sous la forme de petites ulc\u00e9rations rondes ou ovales. Elles sont superficielles, non contagieuses, mais peuvent g\u00eaner au quotidien quand vous mangez ou parlez. Dans la plupart des cas, ces ulc\u00e9rations disparaissent spontan\u00e9ment au bout d\u2019une semaine. Nos m\u00e9decins-dentistes \u00e0 Lausanne et Fribourg r\u00e9pondent aux questions les plus [&#8230;]\n","protected":false},"author":3,"featured_media":30179,"comment_status":"closed","ping_status":"closed","sticky":false,"template":"","format":"standard","meta":{"_acf_changed":false,"footnotes":""},"categories":[1],"tags":[94,92,32,95],"class_list":["post-30177","post","type-post","status-publish","format-standard","has-post-thumbnail","hentry","category-soins-dentaires","tag-aphtes","tag-conseils-de-dentiste","tag-soins-dentaires","tag-stomatite-aphteuse"],"acf":[],"yoast_head":"<!-- This site is optimized with the Yoast SEO plugin v27.3 - https:\/\/yoast.com\/product\/yoast-seo-wordpress\/ -->\n<title>Aphtes dans la bouche : les dentistes r\u00e9pondent \u00e0 vos questions<\/title>\n<meta name=\"description\" content=\"Vous avez des aphtes dans la bouche ? Ces ulc\u00e9rations sont g\u00eanantes, mais g\u00e9n\u00e9ralement sans gravit\u00e9. Les dentistes r\u00e9pondent \u00e0 vos questions.\" \/>\n<meta name=\"robots\" content=\"index, follow, max-snippet:-1, max-image-preview:large, max-video-preview:-1\" \/>\n<link rel=\"canonical\" href=\"https:\/\/helvident.ch\/de\/aphten-im-mund-zahnarzte-beantworten-ihre-fragen\/\" \/>\n<meta property=\"og:locale\" content=\"de_DE\" \/>\n<meta property=\"og:type\" content=\"article\" \/>\n<meta property=\"og:title\" content=\"Aphtes dans la bouche : les dentistes r\u00e9pondent \u00e0 vos questions\" \/>\n<meta property=\"og:description\" content=\"Vous avez des aphtes dans la bouche ? Ces ulc\u00e9rations sont g\u00eanantes, mais g\u00e9n\u00e9ralement sans gravit\u00e9. Les dentistes r\u00e9pondent \u00e0 vos questions.\" \/>\n<meta property=\"og:url\" content=\"https:\/\/helvident.ch\/de\/aphten-im-mund-zahnarzte-beantworten-ihre-fragen\/\" \/>\n<meta property=\"og:site_name\" content=\"Helvident\" \/>\n<meta property=\"article:publisher\" content=\"https:\/\/www.facebook.com\/Helvident-Centre-Dentaire-Fribourg-SA-408825345872856\/\" \/>\n<meta property=\"article:published_time\" content=\"2023-09-23T12:07:00+00:00\" \/>\n<meta property=\"article:modified_time\" content=\"2023-10-25T12:41:43+00:00\" \/>\n<meta property=\"og:image\" content=\"https:\/\/helvident.ch\/wp-content\/uploads\/2021\/05\/Aphtes-dans-la-bouche-HELVIDENT.jpg\" \/>\n\t<meta property=\"og:image:width\" content=\"1770\" \/>\n\t<meta property=\"og:image:height\" content=\"1100\" \/>\n\t<meta property=\"og:image:type\" content=\"image\/jpeg\" \/>\n<meta name=\"author\" content=\"redaction\" \/>\n<meta name=\"twitter:card\" content=\"summary_large_image\" \/>\n<meta name=\"twitter:label1\" content=\"Verfasst von\" \/>\n\t<meta name=\"twitter:data1\" content=\"redaction\" \/>\n\t<meta name=\"twitter:label2\" content=\"Gesch\u00e4tzte Lesezeit\" \/>\n\t<meta name=\"twitter:data2\" content=\"4\u00a0Minuten\" \/>\n<script type=\"application\/ld+json\" class=\"yoast-schema-graph\">{\"@context\":\"https:\\\/\\\/schema.org\",\"@graph\":[{\"@type\":\"Article\",\"@id\":\"https:\\\/\\\/helvident.ch\\\/aphtes-dans-la-bouche-les-dentistes-repondent-a-vos-questions\\\/#article\",\"isPartOf\":{\"@id\":\"https:\\\/\\\/helvident.ch\\\/aphtes-dans-la-bouche-les-dentistes-repondent-a-vos-questions\\\/\"},\"author\":{\"name\":\"redaction\",\"@id\":\"https:\\\/\\\/helvident.ch\\\/#\\\/schema\\\/person\\\/e3896fe50405fe980b70e0b6f35b29f1\"},\"headline\":\"Aphtes dans la bouche : les dentistes r\u00e9pondent \u00e0 vos questions\",\"datePublished\":\"2023-09-23T12:07:00+00:00\",\"dateModified\":\"2023-10-25T12:41:43+00:00\",\"mainEntityOfPage\":{\"@id\":\"https:\\\/\\\/helvident.ch\\\/aphtes-dans-la-bouche-les-dentistes-repondent-a-vos-questions\\\/\"},\"wordCount\":935,\"publisher\":{\"@id\":\"https:\\\/\\\/helvident.ch\\\/#organization\"},\"image\":{\"@id\":\"https:\\\/\\\/helvident.ch\\\/aphtes-dans-la-bouche-les-dentistes-repondent-a-vos-questions\\\/#primaryimage\"},\"thumbnailUrl\":\"https:\\\/\\\/helvident.ch\\\/wp-content\\\/uploads\\\/2021\\\/05\\\/Aphtes-dans-la-bouche-HELVIDENT.jpg\",\"keywords\":[\"aphtes\",\"conseils de dentiste\",\"soins dentaires\",\"stomatite aphteuse\"],\"articleSection\":[\"Soins Dentaires\"],\"inLanguage\":\"de\"},{\"@type\":\"WebPage\",\"@id\":\"https:\\\/\\\/helvident.ch\\\/aphtes-dans-la-bouche-les-dentistes-repondent-a-vos-questions\\\/\",\"url\":\"https:\\\/\\\/helvident.ch\\\/aphtes-dans-la-bouche-les-dentistes-repondent-a-vos-questions\\\/\",\"name\":\"Aphtes dans la bouche : les dentistes r\u00e9pondent \u00e0 vos questions\",\"isPartOf\":{\"@id\":\"https:\\\/\\\/helvident.ch\\\/#website\"},\"primaryImageOfPage\":{\"@id\":\"https:\\\/\\\/helvident.ch\\\/aphtes-dans-la-bouche-les-dentistes-repondent-a-vos-questions\\\/#primaryimage\"},\"image\":{\"@id\":\"https:\\\/\\\/helvident.ch\\\/aphtes-dans-la-bouche-les-dentistes-repondent-a-vos-questions\\\/#primaryimage\"},\"thumbnailUrl\":\"https:\\\/\\\/helvident.ch\\\/wp-content\\\/uploads\\\/2021\\\/05\\\/Aphtes-dans-la-bouche-HELVIDENT.jpg\",\"datePublished\":\"2023-09-23T12:07:00+00:00\",\"dateModified\":\"2023-10-25T12:41:43+00:00\",\"description\":\"Vous avez des aphtes dans la bouche ? Ces ulc\u00e9rations sont g\u00eanantes, mais g\u00e9n\u00e9ralement sans gravit\u00e9. Les dentistes r\u00e9pondent \u00e0 vos questions.\",\"breadcrumb\":{\"@id\":\"https:\\\/\\\/helvident.ch\\\/aphtes-dans-la-bouche-les-dentistes-repondent-a-vos-questions\\\/#breadcrumb\"},\"inLanguage\":\"de\",\"potentialAction\":[{\"@type\":\"ReadAction\",\"target\":[\"https:\\\/\\\/helvident.ch\\\/aphtes-dans-la-bouche-les-dentistes-repondent-a-vos-questions\\\/\"]}]},{\"@type\":\"ImageObject\",\"inLanguage\":\"de\",\"@id\":\"https:\\\/\\\/helvident.ch\\\/aphtes-dans-la-bouche-les-dentistes-repondent-a-vos-questions\\\/#primaryimage\",\"url\":\"https:\\\/\\\/helvident.ch\\\/wp-content\\\/uploads\\\/2021\\\/05\\\/Aphtes-dans-la-bouche-HELVIDENT.jpg\",\"contentUrl\":\"https:\\\/\\\/helvident.ch\\\/wp-content\\\/uploads\\\/2021\\\/05\\\/Aphtes-dans-la-bouche-HELVIDENT.jpg\",\"width\":1770,\"height\":1100,\"caption\":\"Aphtes dans la bouche\"},{\"@type\":\"BreadcrumbList\",\"@id\":\"https:\\\/\\\/helvident.ch\\\/aphtes-dans-la-bouche-les-dentistes-repondent-a-vos-questions\\\/#breadcrumb\",\"itemListElement\":[{\"@type\":\"ListItem\",\"position\":1,\"name\":\"Home\",\"item\":\"https:\\\/\\\/helvident.ch\\\/\"},{\"@type\":\"ListItem\",\"position\":2,\"name\":\"Aphtes dans la bouche : les dentistes r\u00e9pondent \u00e0 vos questions\"}]},{\"@type\":\"WebSite\",\"@id\":\"https:\\\/\\\/helvident.ch\\\/#website\",\"url\":\"https:\\\/\\\/helvident.ch\\\/\",\"name\":\"Helvident\",\"description\":\"Cliniques Dentaires Lausanne - Aigle - Friboug\",\"publisher\":{\"@id\":\"https:\\\/\\\/helvident.ch\\\/#organization\"},\"potentialAction\":[{\"@type\":\"SearchAction\",\"target\":{\"@type\":\"EntryPoint\",\"urlTemplate\":\"https:\\\/\\\/helvident.ch\\\/?s={search_term_string}\"},\"query-input\":{\"@type\":\"PropertyValueSpecification\",\"valueRequired\":true,\"valueName\":\"search_term_string\"}}],\"inLanguage\":\"de\"},{\"@type\":\"Organization\",\"@id\":\"https:\\\/\\\/helvident.ch\\\/#organization\",\"name\":\"Helvident - Cliniques Dentaires\",\"url\":\"https:\\\/\\\/helvident.ch\\\/\",\"logo\":{\"@type\":\"ImageObject\",\"inLanguage\":\"de\",\"@id\":\"https:\\\/\\\/helvident.ch\\\/#\\\/schema\\\/logo\\\/image\\\/\",\"url\":\"https:\\\/\\\/helvident.ch\\\/wp-content\\\/uploads\\\/2019\\\/06\\\/logo@2x.png\",\"contentUrl\":\"https:\\\/\\\/helvident.ch\\\/wp-content\\\/uploads\\\/2019\\\/06\\\/logo@2x.png\",\"width\":502,\"height\":120,\"caption\":\"Helvident - Cliniques Dentaires\"},\"image\":{\"@id\":\"https:\\\/\\\/helvident.ch\\\/#\\\/schema\\\/logo\\\/image\\\/\"},\"sameAs\":[\"https:\\\/\\\/www.facebook.com\\\/Helvident-Centre-Dentaire-Fribourg-SA-408825345872856\\\/\"]},{\"@type\":\"Person\",\"@id\":\"https:\\\/\\\/helvident.ch\\\/#\\\/schema\\\/person\\\/e3896fe50405fe980b70e0b6f35b29f1\",\"name\":\"redaction\"}]}<\/script>\n<!-- \/ Yoast SEO plugin. -->","yoast_head_json":{"title":"Aphten im Mund: Zahn\u00e4rzte beantworten Ihre Fragen","description":"Haben Sie Aphten in Ihrem Mund? Diese Geschw\u00fcre sind l\u00e4stig, aber in der Regel nicht schwerwiegend. Zahn\u00e4rzte beantworten Ihre Fragen.","robots":{"index":"index","follow":"follow","max-snippet":"max-snippet:-1","max-image-preview":"max-image-preview:large","max-video-preview":"max-video-preview:-1"},"canonical":"https:\/\/helvident.ch\/de\/aphten-im-mund-zahnarzte-beantworten-ihre-fragen\/","og_locale":"de_DE","og_type":"article","og_title":"Aphtes dans la bouche : les dentistes r\u00e9pondent \u00e0 vos questions","og_description":"Vous avez des aphtes dans la bouche ? Ces ulc\u00e9rations sont g\u00eanantes, mais g\u00e9n\u00e9ralement sans gravit\u00e9. Les dentistes r\u00e9pondent \u00e0 vos questions.","og_url":"https:\/\/helvident.ch\/de\/aphten-im-mund-zahnarzte-beantworten-ihre-fragen\/","og_site_name":"Helvident","article_publisher":"https:\/\/www.facebook.com\/Helvident-Centre-Dentaire-Fribourg-SA-408825345872856\/","article_published_time":"2023-09-23T12:07:00+00:00","article_modified_time":"2023-10-25T12:41:43+00:00","og_image":[{"width":1770,"height":1100,"url":"https:\/\/helvident.ch\/wp-content\/uploads\/2021\/05\/Aphtes-dans-la-bouche-HELVIDENT.jpg","type":"image\/jpeg"}],"author":"redaction","twitter_card":"summary_large_image","twitter_misc":{"Verfasst von":"redaction","Gesch\u00e4tzte Lesezeit":"4\u00a0Minuten"},"schema":{"@context":"https:\/\/schema.org","@graph":[{"@type":"Article","@id":"https:\/\/helvident.ch\/aphtes-dans-la-bouche-les-dentistes-repondent-a-vos-questions\/#article","isPartOf":{"@id":"https:\/\/helvident.ch\/aphtes-dans-la-bouche-les-dentistes-repondent-a-vos-questions\/"},"author":{"name":"redaction","@id":"https:\/\/helvident.ch\/#\/schema\/person\/e3896fe50405fe980b70e0b6f35b29f1"},"headline":"Aphtes dans la bouche : les dentistes r\u00e9pondent \u00e0 vos questions","datePublished":"2023-09-23T12:07:00+00:00","dateModified":"2023-10-25T12:41:43+00:00","mainEntityOfPage":{"@id":"https:\/\/helvident.ch\/aphtes-dans-la-bouche-les-dentistes-repondent-a-vos-questions\/"},"wordCount":935,"publisher":{"@id":"https:\/\/helvident.ch\/#organization"},"image":{"@id":"https:\/\/helvident.ch\/aphtes-dans-la-bouche-les-dentistes-repondent-a-vos-questions\/#primaryimage"},"thumbnailUrl":"https:\/\/helvident.ch\/wp-content\/uploads\/2021\/05\/Aphtes-dans-la-bouche-HELVIDENT.jpg","keywords":["aphtes","conseils de dentiste","soins dentaires","stomatite aphteuse"],"articleSection":["Soins Dentaires"],"inLanguage":"de"},{"@type":"WebPage","@id":"https:\/\/helvident.ch\/aphtes-dans-la-bouche-les-dentistes-repondent-a-vos-questions\/","url":"https:\/\/helvident.ch\/aphtes-dans-la-bouche-les-dentistes-repondent-a-vos-questions\/","name":"Aphten im Mund: Zahn\u00e4rzte beantworten Ihre Fragen","isPartOf":{"@id":"https:\/\/helvident.ch\/#website"},"primaryImageOfPage":{"@id":"https:\/\/helvident.ch\/aphtes-dans-la-bouche-les-dentistes-repondent-a-vos-questions\/#primaryimage"},"image":{"@id":"https:\/\/helvident.ch\/aphtes-dans-la-bouche-les-dentistes-repondent-a-vos-questions\/#primaryimage"},"thumbnailUrl":"https:\/\/helvident.ch\/wp-content\/uploads\/2021\/05\/Aphtes-dans-la-bouche-HELVIDENT.jpg","datePublished":"2023-09-23T12:07:00+00:00","dateModified":"2023-10-25T12:41:43+00:00","description":"Haben Sie Aphten in Ihrem Mund? Diese Geschw\u00fcre sind l\u00e4stig, aber in der Regel nicht schwerwiegend. Zahn\u00e4rzte beantworten Ihre Fragen.","breadcrumb":{"@id":"https:\/\/helvident.ch\/aphtes-dans-la-bouche-les-dentistes-repondent-a-vos-questions\/#breadcrumb"},"inLanguage":"de","potentialAction":[{"@type":"ReadAction","target":["https:\/\/helvident.ch\/aphtes-dans-la-bouche-les-dentistes-repondent-a-vos-questions\/"]}]},{"@type":"ImageObject","inLanguage":"de","@id":"https:\/\/helvident.ch\/aphtes-dans-la-bouche-les-dentistes-repondent-a-vos-questions\/#primaryimage","url":"https:\/\/helvident.ch\/wp-content\/uploads\/2021\/05\/Aphtes-dans-la-bouche-HELVIDENT.jpg","contentUrl":"https:\/\/helvident.ch\/wp-content\/uploads\/2021\/05\/Aphtes-dans-la-bouche-HELVIDENT.jpg","width":1770,"height":1100,"caption":"Aphtes dans la bouche"},{"@type":"BreadcrumbList","@id":"https:\/\/helvident.ch\/aphtes-dans-la-bouche-les-dentistes-repondent-a-vos-questions\/#breadcrumb","itemListElement":[{"@type":"ListItem","position":1,"name":"Home","item":"https:\/\/helvident.ch\/"},{"@type":"ListItem","position":2,"name":"Aphtes dans la bouche : les dentistes r\u00e9pondent \u00e0 vos questions"}]},{"@type":"WebSite","@id":"https:\/\/helvident.ch\/#website","url":"https:\/\/helvident.ch\/","name":"Helvident","description":"Zahnkliniken Lausanne - Aigle - Friboug","publisher":{"@id":"https:\/\/helvident.ch\/#organization"},"potentialAction":[{"@type":"SearchAction","target":{"@type":"EntryPoint","urlTemplate":"https:\/\/helvident.ch\/?s={search_term_string}"},"query-input":{"@type":"PropertyValueSpecification","valueRequired":true,"valueName":"search_term_string"}}],"inLanguage":"de"},{"@type":"Organization","@id":"https:\/\/helvident.ch\/#organization","name":"Helvident - Zahnmedizinische Kliniken","url":"https:\/\/helvident.ch\/","logo":{"@type":"ImageObject","inLanguage":"de","@id":"https:\/\/helvident.ch\/#\/schema\/logo\/image\/","url":"https:\/\/helvident.ch\/wp-content\/uploads\/2019\/06\/logo@2x.png","contentUrl":"https:\/\/helvident.ch\/wp-content\/uploads\/2019\/06\/logo@2x.png","width":502,"height":120,"caption":"Helvident - Cliniques Dentaires"},"image":{"@id":"https:\/\/helvident.ch\/#\/schema\/logo\/image\/"},"sameAs":["https:\/\/www.facebook.com\/Helvident-Centre-Dentaire-Fribourg-SA-408825345872856\/"]},{"@type":"Person","@id":"https:\/\/helvident.ch\/#\/schema\/person\/e3896fe50405fe980b70e0b6f35b29f1","name":"redaktion"}]}},"_links":{"self":[{"href":"https:\/\/helvident.ch\/de\/wp-json\/wp\/v2\/posts\/30177","targetHints":{"allow":["GET"]}}],"collection":[{"href":"https:\/\/helvident.ch\/de\/wp-json\/wp\/v2\/posts"}],"about":[{"href":"https:\/\/helvident.ch\/de\/wp-json\/wp\/v2\/types\/post"}],"author":[{"embeddable":true,"href":"https:\/\/helvident.ch\/de\/wp-json\/wp\/v2\/users\/3"}],"replies":[{"embeddable":true,"href":"https:\/\/helvident.ch\/de\/wp-json\/wp\/v2\/comments?post=30177"}],"version-history":[{"count":5,"href":"https:\/\/helvident.ch\/de\/wp-json\/wp\/v2\/posts\/30177\/revisions"}],"predecessor-version":[{"id":30191,"href":"https:\/\/helvident.ch\/de\/wp-json\/wp\/v2\/posts\/30177\/revisions\/30191"}],"wp:featuredmedia":[{"embeddable":true,"href":"https:\/\/helvident.ch\/de\/wp-json\/wp\/v2\/media\/30179"}],"wp:attachment":[{"href":"https:\/\/helvident.ch\/de\/wp-json\/wp\/v2\/media?parent=30177"}],"wp:term":[{"taxonomy":"category","embeddable":true,"href":"https:\/\/helvident.ch\/de\/wp-json\/wp\/v2\/categories?post=30177"},{"taxonomy":"post_tag","embeddable":true,"href":"https:\/\/helvident.ch\/de\/wp-json\/wp\/v2\/tags?post=30177"}],"curies":[{"name":"wp","href":"https:\/\/api.w.org\/{rel}","templated":true}]}}