{"id":29005,"date":"2019-06-08T02:56:37","date_gmt":"2019-06-08T00:56:37","guid":{"rendered":"http:\/\/helvident.ch\/?p=29005"},"modified":"2019-08-31T11:59:42","modified_gmt":"2019-08-31T09:59:42","slug":"die-mund-und-zahngesundheit-alterer-menschen","status":"publish","type":"post","link":"https:\/\/helvident.ch\/de\/die-mund-und-zahngesundheit-alterer-menschen\/","title":{"rendered":"Mundgesundheit bei \u00e4lteren Menschen"},"content":{"rendered":"<p>Die Mundgesundheit \u00e4lterer Menschen in der Schweiz hat sich stark verschlechtert. Tats\u00e4chlich geht man davon aus, dass mehr als ein Drittel der \u00e4lteren Menschen von Mundkrankheiten betroffen sind, die schwerwiegende Auswirkungen auf ihr t\u00e4gliches Leben haben. Was sind die Folgen einer schlechten Mundgesundheit? Wie k\u00f6nnen sie vermieden werden? Wir geben einen \u00dcberblick.<\/p>\n\n\n\n<h2 class=\"wp-block-heading\">Die Zahlen k\u00f6nnen dies belegen<\/h2>\n\n\n\n<p>Im Hinblick auf die Mundgesundheit von Senioren sind die Zahlen besonders alarmierend. Sie zeigen n\u00e4mlich, dass Munderkrankungen zu den wichtigsten Erkrankungen geh\u00f6ren, die \u00e4ltere Menschen betreffen. <\/p>\n\n\n\n<p>Der Beweis daf\u00fcr ist, dass mehr als 55 % derjenigen, die in Altersheimen untergebracht sind, alle ihre Z\u00e4hne verloren haben; mehr als 33 % der \u00e4lteren Menschen, die in ihren eigenen vier W\u00e4nden leben, haben ebenfalls alle ihre Z\u00e4hne verloren.<\/p>\n\n\n\n<p>Da Senioren h\u00e4ufig an kognitiven St\u00f6rungen leiden, f\u00e4llt es ihnen schwer, auf ihren K\u00f6rper zu achten. Daher ist es die Aufgabe ihrer Familien und Fachleute, ihre Mundhygiene genau zu \u00fcberwachen, damit sie einen gesunden Lebensstil f\u00fchren k\u00f6nnen.   <\/p>\n\n\n\n<h2 class=\"wp-block-heading\">Welche gesundheitlichen Auswirkungen hat eine Verschlechterung der Z\u00e4hne?<\/h2>\n\n\n\n<p>Man muss zugeben, dass ein schlechter Zustand der Z\u00e4hne schwerwiegende Folgen sowohl f\u00fcr die k\u00f6rperliche als auch f\u00fcr die seelische Gesundheit eines \u00e4lteren Menschen haben kann. Wenn nichts dagegen unternommen wird, kann die Verschlechterung der Z\u00e4hne zu folgendem f\u00fchren: Gewichtsverlust, Schw\u00e4chung der Muskelmasse, Knochenbr\u00fcchigkeit (Osteoporose), Verlust des Selbstwertgef\u00fchls und Isolation.<\/p>\n\n\n\n<h2 class=\"wp-block-heading\">Einige Tipps zur Vorbeugung von Munderkrankungen <\/h2>\n\n\n\n<p>Generell haben Senioren ein h\u00f6heres Risiko, Mundkrankheiten wie Karies, Zahnverlust, Gingivitis, Zahnlockerung, Parodontitis und Mundkrebs zu entwickeln. Um ihren verschiedenen Krankheiten vorzubeugen, sollten Sie folgende Tipps befolgen:<\/p>\n\n\n\n<ul class=\"wp-block-list\"><li>Nehmen Sie weniger Zucker zu sich und ern\u00e4hren Sie sich gesund und ausgewogen, um Zahnfleischschwund oder Zahnlockerungen und Karies zu vermeiden.<\/li><li>Regelm\u00e4\u00dfiger Verzehr von Obst und Gem\u00fcse zur Vorbeugung von Mundkrebs<\/li><li>Stellen Sie das Rauchen ein, um das Risiko f\u00fcr schwere Krankheiten wie Mundkrebs und Zahnfleischr\u00fcckgang zu senken.<\/li><li>Achten Sie auf eine gute Mundhygiene<\/li><li>Bewegen Sie sich in einem mundgesundheitsf\u00f6rdernden Umfeld  <\/li><li>Gehen Sie regelm\u00e4\u00dfig zu Ihrem Zahnarzt<\/li><\/ul>\n\n\n\n<p>Die Wahrheit ist, dass Zahnarztkosten oft zu teuer sind und \u00e4ltere Menschen davon abhalten, sich behandeln zu lassen. Daher w\u00e4re es ratsam, eine Krankenversicherung abzuschlie\u00dfen, die jung genug ist und eine (teilweise oder vollst\u00e4ndige) Erstattung dieser Kosten anbietet. <\/p>\n\n\n\n<h2 class=\"wp-block-heading\">Eine Ma\u00dfnahme zur \u00dcberwachung der Zahnhygiene von Bewohnern von Pflegeheimen  <\/h2>\n\n\n\n<p>Es gibt Organisationen, die sich f\u00fcr die Ausbildung von Pflegekr\u00e4ften in Altenheimen einsetzen. So kennen diese die verschiedenen Mittel, um Mundinfektionen vorzubeugen und eine gute Zahnhygiene bei den Heimbewohnern zu gew\u00e4hrleisten. Es ist zu beachten, dass diese Ma\u00dfnahme auf die Sensibilisierung und die Verbesserung der F\u00e4higkeiten der Pflegekr\u00e4fte abzielt.<\/p>","protected":false},"excerpt":{"rendered":"<p>En Suisse, la sant\u00e9 bucco-dentaire des personnes \u00e2g\u00e9es s&#8217;est vraiment d\u00e9t\u00e9rior\u00e9e. En effet, on consid\u00e8re que plus d&#8217;un tiers des personnes \u00e2g\u00e9es sont touch\u00e9s par des maladies bucco-dentaires qui engendrent de graves r\u00e9percussions sur leur vie quotidienne. Quelles sont les cons\u00e9quences d&#8217;une mauvaise sant\u00e9 bucco-dentaire ? Comment les \u00e9viter ? On fait le point. Les [&#8230;]\n","protected":false},"author":2,"featured_media":29209,"comment_status":"closed","ping_status":"closed","sticky":false,"template":"","format":"standard","meta":{"_acf_changed":false,"footnotes":""},"categories":[1],"tags":[],"class_list":["post-29005","post","type-post","status-publish","format-standard","has-post-thumbnail","hentry","category-soins-dentaires"],"acf":[],"yoast_head":"<!-- This site is optimized with the Yoast SEO plugin v27.3 - https:\/\/yoast.com\/product\/yoast-seo-wordpress\/ -->\n<title>La sant\u00e9 bucco-dentaire des personnes \u00e2g\u00e9es - Helvident<\/title>\n<meta name=\"robots\" content=\"index, follow, max-snippet:-1, max-image-preview:large, max-video-preview:-1\" \/>\n<link rel=\"canonical\" href=\"https:\/\/helvident.ch\/de\/die-mund-und-zahngesundheit-alterer-menschen\/\" \/>\n<meta property=\"og:locale\" content=\"de_DE\" \/>\n<meta property=\"og:type\" content=\"article\" \/>\n<meta property=\"og:title\" content=\"La sant\u00e9 bucco-dentaire des personnes \u00e2g\u00e9es - Helvident\" \/>\n<meta property=\"og:description\" content=\"En Suisse, la sant\u00e9 bucco-dentaire des personnes \u00e2g\u00e9es s&#8217;est vraiment d\u00e9t\u00e9rior\u00e9e. En effet, on consid\u00e8re que plus d&#8217;un tiers des personnes \u00e2g\u00e9es sont touch\u00e9s par des maladies bucco-dentaires qui engendrent de graves r\u00e9percussions sur leur vie quotidienne. Quelles sont les cons\u00e9quences d&#8217;une mauvaise sant\u00e9 bucco-dentaire ? Comment les \u00e9viter ? On fait le point. Les [...]\" \/>\n<meta property=\"og:url\" content=\"https:\/\/helvident.ch\/de\/die-mund-und-zahngesundheit-alterer-menschen\/\" \/>\n<meta property=\"og:site_name\" content=\"Helvident\" \/>\n<meta property=\"article:publisher\" content=\"https:\/\/www.facebook.com\/Helvident-Centre-Dentaire-Fribourg-SA-408825345872856\/\" \/>\n<meta property=\"article:published_time\" content=\"2019-06-08T00:56:37+00:00\" \/>\n<meta property=\"article:modified_time\" content=\"2019-08-31T09:59:42+00:00\" \/>\n<meta property=\"og:image\" content=\"https:\/\/helvident.ch\/wp-content\/uploads\/2019\/06\/dents_saines_3eme_age.jpeg\" \/>\n\t<meta property=\"og:image:width\" content=\"7360\" \/>\n\t<meta property=\"og:image:height\" content=\"4912\" \/>\n\t<meta property=\"og:image:type\" content=\"image\/jpeg\" \/>\n<meta name=\"author\" content=\"R\u00e9daction Helvident\" \/>\n<meta name=\"twitter:card\" content=\"summary_large_image\" \/>\n<meta name=\"twitter:label1\" content=\"Verfasst von\" \/>\n\t<meta name=\"twitter:data1\" content=\"R\u00e9daction Helvident\" \/>\n\t<meta name=\"twitter:label2\" content=\"Gesch\u00e4tzte Lesezeit\" \/>\n\t<meta name=\"twitter:data2\" content=\"3\u00a0Minuten\" \/>\n<script type=\"application\/ld+json\" class=\"yoast-schema-graph\">{\"@context\":\"https:\\\/\\\/schema.org\",\"@graph\":[{\"@type\":\"Article\",\"@id\":\"https:\\\/\\\/helvident.ch\\\/la-sante-bucco-dentaire-des-personnes-agees\\\/#article\",\"isPartOf\":{\"@id\":\"https:\\\/\\\/helvident.ch\\\/la-sante-bucco-dentaire-des-personnes-agees\\\/\"},\"author\":{\"name\":\"R\u00e9daction Helvident\",\"@id\":\"https:\\\/\\\/helvident.ch\\\/#\\\/schema\\\/person\\\/323f1dcaaf83cab7c35d3365b84f0b09\"},\"headline\":\"La sant\u00e9 bucco-dentaire des personnes \u00e2g\u00e9es\",\"datePublished\":\"2019-06-08T00:56:37+00:00\",\"dateModified\":\"2019-08-31T09:59:42+00:00\",\"mainEntityOfPage\":{\"@id\":\"https:\\\/\\\/helvident.ch\\\/la-sante-bucco-dentaire-des-personnes-agees\\\/\"},\"wordCount\":556,\"publisher\":{\"@id\":\"https:\\\/\\\/helvident.ch\\\/#organization\"},\"image\":{\"@id\":\"https:\\\/\\\/helvident.ch\\\/la-sante-bucco-dentaire-des-personnes-agees\\\/#primaryimage\"},\"thumbnailUrl\":\"https:\\\/\\\/helvident.ch\\\/wp-content\\\/uploads\\\/2019\\\/06\\\/dents_saines_3eme_age.jpeg\",\"articleSection\":[\"Soins Dentaires\"],\"inLanguage\":\"de\"},{\"@type\":\"WebPage\",\"@id\":\"https:\\\/\\\/helvident.ch\\\/la-sante-bucco-dentaire-des-personnes-agees\\\/\",\"url\":\"https:\\\/\\\/helvident.ch\\\/la-sante-bucco-dentaire-des-personnes-agees\\\/\",\"name\":\"La sant\u00e9 bucco-dentaire des personnes \u00e2g\u00e9es - Helvident\",\"isPartOf\":{\"@id\":\"https:\\\/\\\/helvident.ch\\\/#website\"},\"primaryImageOfPage\":{\"@id\":\"https:\\\/\\\/helvident.ch\\\/la-sante-bucco-dentaire-des-personnes-agees\\\/#primaryimage\"},\"image\":{\"@id\":\"https:\\\/\\\/helvident.ch\\\/la-sante-bucco-dentaire-des-personnes-agees\\\/#primaryimage\"},\"thumbnailUrl\":\"https:\\\/\\\/helvident.ch\\\/wp-content\\\/uploads\\\/2019\\\/06\\\/dents_saines_3eme_age.jpeg\",\"datePublished\":\"2019-06-08T00:56:37+00:00\",\"dateModified\":\"2019-08-31T09:59:42+00:00\",\"breadcrumb\":{\"@id\":\"https:\\\/\\\/helvident.ch\\\/la-sante-bucco-dentaire-des-personnes-agees\\\/#breadcrumb\"},\"inLanguage\":\"de\",\"potentialAction\":[{\"@type\":\"ReadAction\",\"target\":[\"https:\\\/\\\/helvident.ch\\\/la-sante-bucco-dentaire-des-personnes-agees\\\/\"]}]},{\"@type\":\"ImageObject\",\"inLanguage\":\"de\",\"@id\":\"https:\\\/\\\/helvident.ch\\\/la-sante-bucco-dentaire-des-personnes-agees\\\/#primaryimage\",\"url\":\"https:\\\/\\\/helvident.ch\\\/wp-content\\\/uploads\\\/2019\\\/06\\\/dents_saines_3eme_age.jpeg\",\"contentUrl\":\"https:\\\/\\\/helvident.ch\\\/wp-content\\\/uploads\\\/2019\\\/06\\\/dents_saines_3eme_age.jpeg\",\"width\":7360,\"height\":4912,\"caption\":\"Deux personnes du 3\u00e8me ages, qui ont des dents blanches\"},{\"@type\":\"BreadcrumbList\",\"@id\":\"https:\\\/\\\/helvident.ch\\\/la-sante-bucco-dentaire-des-personnes-agees\\\/#breadcrumb\",\"itemListElement\":[{\"@type\":\"ListItem\",\"position\":1,\"name\":\"Home\",\"item\":\"https:\\\/\\\/helvident.ch\\\/\"},{\"@type\":\"ListItem\",\"position\":2,\"name\":\"La sant\u00e9 bucco-dentaire des personnes \u00e2g\u00e9es\"}]},{\"@type\":\"WebSite\",\"@id\":\"https:\\\/\\\/helvident.ch\\\/#website\",\"url\":\"https:\\\/\\\/helvident.ch\\\/\",\"name\":\"Helvident\",\"description\":\"Cliniques Dentaires Lausanne - Aigle - Friboug\",\"publisher\":{\"@id\":\"https:\\\/\\\/helvident.ch\\\/#organization\"},\"potentialAction\":[{\"@type\":\"SearchAction\",\"target\":{\"@type\":\"EntryPoint\",\"urlTemplate\":\"https:\\\/\\\/helvident.ch\\\/?s={search_term_string}\"},\"query-input\":{\"@type\":\"PropertyValueSpecification\",\"valueRequired\":true,\"valueName\":\"search_term_string\"}}],\"inLanguage\":\"de\"},{\"@type\":\"Organization\",\"@id\":\"https:\\\/\\\/helvident.ch\\\/#organization\",\"name\":\"Helvident - Cliniques Dentaires\",\"url\":\"https:\\\/\\\/helvident.ch\\\/\",\"logo\":{\"@type\":\"ImageObject\",\"inLanguage\":\"de\",\"@id\":\"https:\\\/\\\/helvident.ch\\\/#\\\/schema\\\/logo\\\/image\\\/\",\"url\":\"https:\\\/\\\/helvident.ch\\\/wp-content\\\/uploads\\\/2019\\\/06\\\/logo@2x.png\",\"contentUrl\":\"https:\\\/\\\/helvident.ch\\\/wp-content\\\/uploads\\\/2019\\\/06\\\/logo@2x.png\",\"width\":502,\"height\":120,\"caption\":\"Helvident - Cliniques Dentaires\"},\"image\":{\"@id\":\"https:\\\/\\\/helvident.ch\\\/#\\\/schema\\\/logo\\\/image\\\/\"},\"sameAs\":[\"https:\\\/\\\/www.facebook.com\\\/Helvident-Centre-Dentaire-Fribourg-SA-408825345872856\\\/\"]},{\"@type\":\"Person\",\"@id\":\"https:\\\/\\\/helvident.ch\\\/#\\\/schema\\\/person\\\/323f1dcaaf83cab7c35d3365b84f0b09\",\"name\":\"R\u00e9daction Helvident\"}]}<\/script>\n<!-- \/ Yoast SEO plugin. -->","yoast_head_json":{"title":"Mundgesundheit bei \u00e4lteren Menschen - Helvident","robots":{"index":"index","follow":"follow","max-snippet":"max-snippet:-1","max-image-preview":"max-image-preview:large","max-video-preview":"max-video-preview:-1"},"canonical":"https:\/\/helvident.ch\/de\/die-mund-und-zahngesundheit-alterer-menschen\/","og_locale":"de_DE","og_type":"article","og_title":"La sant\u00e9 bucco-dentaire des personnes \u00e2g\u00e9es - Helvident","og_description":"En Suisse, la sant\u00e9 bucco-dentaire des personnes \u00e2g\u00e9es s&#8217;est vraiment d\u00e9t\u00e9rior\u00e9e. En effet, on consid\u00e8re que plus d&#8217;un tiers des personnes \u00e2g\u00e9es sont touch\u00e9s par des maladies bucco-dentaires qui engendrent de graves r\u00e9percussions sur leur vie quotidienne. Quelles sont les cons\u00e9quences d&#8217;une mauvaise sant\u00e9 bucco-dentaire ? Comment les \u00e9viter ? On fait le point. Les [...]","og_url":"https:\/\/helvident.ch\/de\/die-mund-und-zahngesundheit-alterer-menschen\/","og_site_name":"Helvident","article_publisher":"https:\/\/www.facebook.com\/Helvident-Centre-Dentaire-Fribourg-SA-408825345872856\/","article_published_time":"2019-06-08T00:56:37+00:00","article_modified_time":"2019-08-31T09:59:42+00:00","og_image":[{"width":7360,"height":4912,"url":"https:\/\/helvident.ch\/wp-content\/uploads\/2019\/06\/dents_saines_3eme_age.jpeg","type":"image\/jpeg"}],"author":"R\u00e9daction Helvident","twitter_card":"summary_large_image","twitter_misc":{"Verfasst von":"R\u00e9daction Helvident","Gesch\u00e4tzte Lesezeit":"3\u00a0Minuten"},"schema":{"@context":"https:\/\/schema.org","@graph":[{"@type":"Article","@id":"https:\/\/helvident.ch\/la-sante-bucco-dentaire-des-personnes-agees\/#article","isPartOf":{"@id":"https:\/\/helvident.ch\/la-sante-bucco-dentaire-des-personnes-agees\/"},"author":{"name":"R\u00e9daction Helvident","@id":"https:\/\/helvident.ch\/#\/schema\/person\/323f1dcaaf83cab7c35d3365b84f0b09"},"headline":"La sant\u00e9 bucco-dentaire des personnes \u00e2g\u00e9es","datePublished":"2019-06-08T00:56:37+00:00","dateModified":"2019-08-31T09:59:42+00:00","mainEntityOfPage":{"@id":"https:\/\/helvident.ch\/la-sante-bucco-dentaire-des-personnes-agees\/"},"wordCount":556,"publisher":{"@id":"https:\/\/helvident.ch\/#organization"},"image":{"@id":"https:\/\/helvident.ch\/la-sante-bucco-dentaire-des-personnes-agees\/#primaryimage"},"thumbnailUrl":"https:\/\/helvident.ch\/wp-content\/uploads\/2019\/06\/dents_saines_3eme_age.jpeg","articleSection":["Soins Dentaires"],"inLanguage":"de"},{"@type":"WebPage","@id":"https:\/\/helvident.ch\/la-sante-bucco-dentaire-des-personnes-agees\/","url":"https:\/\/helvident.ch\/la-sante-bucco-dentaire-des-personnes-agees\/","name":"Mundgesundheit bei \u00e4lteren Menschen - Helvident","isPartOf":{"@id":"https:\/\/helvident.ch\/#website"},"primaryImageOfPage":{"@id":"https:\/\/helvident.ch\/la-sante-bucco-dentaire-des-personnes-agees\/#primaryimage"},"image":{"@id":"https:\/\/helvident.ch\/la-sante-bucco-dentaire-des-personnes-agees\/#primaryimage"},"thumbnailUrl":"https:\/\/helvident.ch\/wp-content\/uploads\/2019\/06\/dents_saines_3eme_age.jpeg","datePublished":"2019-06-08T00:56:37+00:00","dateModified":"2019-08-31T09:59:42+00:00","breadcrumb":{"@id":"https:\/\/helvident.ch\/la-sante-bucco-dentaire-des-personnes-agees\/#breadcrumb"},"inLanguage":"de","potentialAction":[{"@type":"ReadAction","target":["https:\/\/helvident.ch\/la-sante-bucco-dentaire-des-personnes-agees\/"]}]},{"@type":"ImageObject","inLanguage":"de","@id":"https:\/\/helvident.ch\/la-sante-bucco-dentaire-des-personnes-agees\/#primaryimage","url":"https:\/\/helvident.ch\/wp-content\/uploads\/2019\/06\/dents_saines_3eme_age.jpeg","contentUrl":"https:\/\/helvident.ch\/wp-content\/uploads\/2019\/06\/dents_saines_3eme_age.jpeg","width":7360,"height":4912,"caption":"Deux personnes du 3\u00e8me ages, qui ont des dents blanches"},{"@type":"BreadcrumbList","@id":"https:\/\/helvident.ch\/la-sante-bucco-dentaire-des-personnes-agees\/#breadcrumb","itemListElement":[{"@type":"ListItem","position":1,"name":"Home","item":"https:\/\/helvident.ch\/"},{"@type":"ListItem","position":2,"name":"La sant\u00e9 bucco-dentaire des personnes \u00e2g\u00e9es"}]},{"@type":"WebSite","@id":"https:\/\/helvident.ch\/#website","url":"https:\/\/helvident.ch\/","name":"Helvident","description":"Zahnkliniken Lausanne - Aigle - Friboug","publisher":{"@id":"https:\/\/helvident.ch\/#organization"},"potentialAction":[{"@type":"SearchAction","target":{"@type":"EntryPoint","urlTemplate":"https:\/\/helvident.ch\/?s={search_term_string}"},"query-input":{"@type":"PropertyValueSpecification","valueRequired":true,"valueName":"search_term_string"}}],"inLanguage":"de"},{"@type":"Organization","@id":"https:\/\/helvident.ch\/#organization","name":"Helvident - Zahnmedizinische Kliniken","url":"https:\/\/helvident.ch\/","logo":{"@type":"ImageObject","inLanguage":"de","@id":"https:\/\/helvident.ch\/#\/schema\/logo\/image\/","url":"https:\/\/helvident.ch\/wp-content\/uploads\/2019\/06\/logo@2x.png","contentUrl":"https:\/\/helvident.ch\/wp-content\/uploads\/2019\/06\/logo@2x.png","width":502,"height":120,"caption":"Helvident - Cliniques Dentaires"},"image":{"@id":"https:\/\/helvident.ch\/#\/schema\/logo\/image\/"},"sameAs":["https:\/\/www.facebook.com\/Helvident-Centre-Dentaire-Fribourg-SA-408825345872856\/"]},{"@type":"Person","@id":"https:\/\/helvident.ch\/#\/schema\/person\/323f1dcaaf83cab7c35d3365b84f0b09","name":"Helvident-Redaktion"}]}},"_links":{"self":[{"href":"https:\/\/helvident.ch\/de\/wp-json\/wp\/v2\/posts\/29005","targetHints":{"allow":["GET"]}}],"collection":[{"href":"https:\/\/helvident.ch\/de\/wp-json\/wp\/v2\/posts"}],"about":[{"href":"https:\/\/helvident.ch\/de\/wp-json\/wp\/v2\/types\/post"}],"author":[{"embeddable":true,"href":"https:\/\/helvident.ch\/de\/wp-json\/wp\/v2\/users\/2"}],"replies":[{"embeddable":true,"href":"https:\/\/helvident.ch\/de\/wp-json\/wp\/v2\/comments?post=29005"}],"version-history":[{"count":0,"href":"https:\/\/helvident.ch\/de\/wp-json\/wp\/v2\/posts\/29005\/revisions"}],"wp:featuredmedia":[{"embeddable":true,"href":"https:\/\/helvident.ch\/de\/wp-json\/wp\/v2\/media\/29209"}],"wp:attachment":[{"href":"https:\/\/helvident.ch\/de\/wp-json\/wp\/v2\/media?parent=29005"}],"wp:term":[{"taxonomy":"category","embeddable":true,"href":"https:\/\/helvident.ch\/de\/wp-json\/wp\/v2\/categories?post=29005"},{"taxonomy":"post_tag","embeddable":true,"href":"https:\/\/helvident.ch\/de\/wp-json\/wp\/v2\/tags?post=29005"}],"curies":[{"name":"wp","href":"https:\/\/api.w.org\/{rel}","templated":true}]}}